{"id":1105,"date":"2021-07-21T00:58:00","date_gmt":"2021-07-21T03:58:00","guid":{"rendered":"https:\/\/blog.univicosa.com.br\/?p=1105"},"modified":"2021-07-21T18:56:15","modified_gmt":"2021-07-21T21:56:15","slug":"covid-19-e-a-psicologia-organizacional-mundo-corporativo-trabalho-e-medidas-provisorias","status":"publish","type":"post","link":"https:\/\/blog.univicosa.com.br\/index.php\/2021\/07\/21\/covid-19-e-a-psicologia-organizacional-mundo-corporativo-trabalho-e-medidas-provisorias\/","title":{"rendered":"Psicologia Organizacional: Melhore seu desempenho e trabalho!"},"content":{"rendered":"\n<figure class=\"wp-block-image size-large\"><img data-attachment-id=\"2236\" data-permalink=\"https:\/\/blog.univicosa.com.br\/index.php\/2021\/07\/21\/covid-19-e-a-psicologia-organizacional-mundo-corporativo-trabalho-e-medidas-provisorias\/psico-organiza-insta-1\/\" data-orig-file=\"https:\/\/blog.univicosa.com.br\/wp-content\/uploads\/2021\/07\/psico-organiza-insta-1.png\" data-orig-size=\"1024,576\" data-comments-opened=\"1\" data-image-meta=\"{&quot;aperture&quot;:&quot;0&quot;,&quot;credit&quot;:&quot;&quot;,&quot;camera&quot;:&quot;&quot;,&quot;caption&quot;:&quot;&quot;,&quot;created_timestamp&quot;:&quot;0&quot;,&quot;copyright&quot;:&quot;&quot;,&quot;focal_length&quot;:&quot;0&quot;,&quot;iso&quot;:&quot;0&quot;,&quot;shutter_speed&quot;:&quot;0&quot;,&quot;title&quot;:&quot;&quot;,&quot;orientation&quot;:&quot;0&quot;}\" data-image-title=\"psico-organiza-insta-1\" data-image-description=\"\" data-medium-file=\"https:\/\/blog.univicosa.com.br\/wp-content\/uploads\/2021\/07\/psico-organiza-insta-1-300x169.png\" data-large-file=\"https:\/\/blog.univicosa.com.br\/wp-content\/uploads\/2021\/07\/psico-organiza-insta-1.png\" loading=\"lazy\" width=\"1024\" height=\"576\" src=\"https:\/\/blog.univicosa.com.br\/wp-content\/uploads\/2021\/07\/psico-organiza-insta-1.png\" alt=\"\" class=\"wp-image-2236\" srcset=\"https:\/\/blog.univicosa.com.br\/wp-content\/uploads\/2021\/07\/psico-organiza-insta-1.png 1024w, https:\/\/blog.univicosa.com.br\/wp-content\/uploads\/2021\/07\/psico-organiza-insta-1-300x169.png 300w, https:\/\/blog.univicosa.com.br\/wp-content\/uploads\/2021\/07\/psico-organiza-insta-1-768x432.png 768w, https:\/\/blog.univicosa.com.br\/wp-content\/uploads\/2021\/07\/psico-organiza-insta-1-850x478.png 850w\" sizes=\"(max-width: 1024px) 100vw, 1024px\" \/><\/figure>\n\n\n\n<p><strong><em>Produ\u00e7\u00e3o e escrita: Ederson de Oliveira Gonsaga e Tiago Gomes dos Santos <\/em><\/strong><\/p>\n\n\n\n<p><em>Com a nova realidade imposta pelo novo coronav\u00edrus, o mundo precisou passar por transforma\u00e7\u00f5es e mudan\u00e7as repentinas para que atividades como trabalho e estudo n\u00e3o parem<\/em>!<\/p>\n\n\n\n<p>Com a<strong> pandemia de COVID-19<\/strong>, precisamos nos <strong>reinventar <\/strong>e <strong>buscar <\/strong>por <strong>solu\u00e7\u00f5es <\/strong>pr\u00e1ticas e efetivas no que se diz respeito a <strong>qualidade <\/strong>e <strong>seguran\u00e7a <\/strong>do <strong>trabalho<\/strong>, manter ambientes saud\u00e1veis de trabalho faz toda a diferen\u00e7a no rendimento \/ desempenho e na <strong>sa\u00fade mental<\/strong> de todos! <\/p>\n\n\n\n<p><a href=\"https:\/\/www.significados.com.br\/psicologia-organizacional\/\" data-type=\"URL\" data-id=\"https:\/\/www.significados.com.br\/psicologia-organizacional\/\">Psicologia organizacional<\/a> \u00e9 uma \u00e1rea da psicologia que se dedica a<strong>\u00a0entender os fen\u00f4menos do comportamento humano que acontecem dentro do ambiente de trabalho<\/strong>.<\/p>\n\n\n\n<p>A \u00e1rea, tamb\u00e9m chamada de<a href=\"https:\/\/www.significados.com.br\/psicologia-organizacional\/\" data-type=\"URL\" data-id=\"https:\/\/www.significados.com.br\/psicologia-organizacional\/\"> psicologia do trabalho<\/a>, se empenha em <strong>resolver <\/strong>os <strong>problemas relacionados <\/strong>com a gest\u00e3o de <strong>recursos humanos <\/strong>ou <strong>gest\u00e3o <\/strong>de <strong>pessoas <\/strong>dentro de uma <strong>empresa<\/strong>. Para isso procura <strong>compreender como os funcion\u00e1rios <\/strong>atuam em ambientes coletivos e analisando as <strong>consequ\u00eancias <\/strong>de uma <strong>determinada <\/strong>atitude dentro do ambiente de trabalho. O trabalho da<a href=\"https:\/\/www.significados.com.br\/psicologia-organizacional\/\" data-type=\"URL\" data-id=\"https:\/\/www.significados.com.br\/psicologia-organizacional\/\"> psicologia organizacional<\/a> \u00e9\u00a0<strong>aumentar o bem-estar coletivo e a qualidade de vida\u00a0<\/strong>no ambiente de trabalho.<\/p>\n\n\n\n<p>Estamos vivendo um <strong>per\u00edodo cr\u00edtico<\/strong> para a <strong>humanidade<\/strong>, o qual est\u00e1 colocado em prova a nossa <strong>capacidade <\/strong>de <strong>sobreviver <\/strong>a mais uma <strong>pandemia <\/strong>que atinge todo o <strong>mundo<\/strong>. A humanidade j\u00e1 passou por outras doen\u00e7as infecciosas que tiveram impacto direto na forma como percebemos a <strong>fragilidade <\/strong>do<strong> ser humano.<\/strong> A Peste Negra (Peste Bub\u00f4nica), que atingiu grande parte da sociedade durante o s\u00e9culo XIV, foi a mais devastadora de toda a Hist\u00f3ria. O n\u00famero de mortes atingiu a marca de<strong> 200 milh\u00f5es de v\u00edtimas. <\/strong><\/p>\n\n\n\n<p>J\u00e1 no <strong>decorrer <\/strong>do <strong>s\u00e9culo<\/strong> <strong>XIX<\/strong>, durante a alta da revolu\u00e7\u00e3o industrial, as <strong>p\u00e9ssimas condi\u00e7\u00f5es <\/strong>de <strong>saneamento b\u00e1sico <\/strong>das grandes cidades resultaram em doen\u00e7as severas: tuberculose e c\u00f3lera. Estas doen\u00e7as disseminaram rapidamente devido \u00e0s grandes aglomera\u00e7\u00f5es nas periferias das f\u00e1bricas com condi\u00e7\u00f5es subumanas. <\/p>\n\n\n\n<p>Na<strong> \u00faltima d\u00e9cada,<\/strong> o mundo <strong>vivenciou <\/strong>grandes <strong>epidemias <\/strong>originadas entre os animais bovinos e su\u00ednos: doen\u00e7a da Vaca Louca, gripe Avi\u00e1ria e gripe Su\u00edna. \u00a0At\u00e9 o dia 20 de mar\u00e7o de 2010, 46.355 casos de s\u00edndrome respirat\u00f3ria aguda grave (SRAG), causados pelo v\u00edrus Influenza, foram registrados. Agora, em <strong>2020<\/strong>, uma nova <strong>pandemia<\/strong>: o novo <strong>Coronav\u00edrus <\/strong>(COVID-19). Este se configura como um v\u00edrus de alto cont\u00e1gio, que est\u00e1 nos levando \u00e0 uma s\u00e9rie de <strong>medidas <\/strong>e <strong>mudan\u00e7as <\/strong>a n\u00edvel mundial para que o n\u00famero de v\u00edtimas seja menor do esperado por \u00f3rg\u00e3os de sa\u00fade. <\/p>\n\n\n\n<h2><strong>O trabalho em tempos de<\/strong> <strong>crise<\/strong> <\/h2>\n\n\n\n<figure class=\"wp-block-image\"><img data-attachment-id=\"1106\" data-permalink=\"https:\/\/blog.univicosa.com.br\/index.php\/2021\/07\/21\/covid-19-e-a-psicologia-organizacional-mundo-corporativo-trabalho-e-medidas-provisorias\/professional-programmer-engineer-writing-code\/\" data-orig-file=\"https:\/\/blog.univicosa.com.br\/wp-content\/uploads\/2020\/04\/693.jpg\" data-orig-size=\"2000,2000\" data-comments-opened=\"1\" data-image-meta=\"{&quot;aperture&quot;:&quot;0&quot;,&quot;credit&quot;:&quot;&quot;,&quot;camera&quot;:&quot;&quot;,&quot;caption&quot;:&quot;Professional programmer engineer working writing code at his big desk with multiple displays and laptop computer. Modern colorful flat style vector illustration isolated on white background.&quot;,&quot;created_timestamp&quot;:&quot;0&quot;,&quot;copyright&quot;:&quot;&quot;,&quot;focal_length&quot;:&quot;0&quot;,&quot;iso&quot;:&quot;0&quot;,&quot;shutter_speed&quot;:&quot;0&quot;,&quot;title&quot;:&quot;Professional programmer engineer writing code&quot;,&quot;orientation&quot;:&quot;0&quot;}\" data-image-title=\"Professional programmer engineer writing code\" data-image-description=\"\" data-medium-file=\"https:\/\/blog.univicosa.com.br\/wp-content\/uploads\/2020\/04\/693-300x300.jpg\" data-large-file=\"https:\/\/blog.univicosa.com.br\/wp-content\/uploads\/2020\/04\/693-1024x1024.jpg\" loading=\"lazy\" width=\"1024\" height=\"1024\" src=\"https:\/\/blog.univicosa.com.br\/wp-content\/uploads\/2020\/04\/693-1024x1024.jpg\" alt=\"\" class=\"wp-image-1106\" srcset=\"https:\/\/blog.univicosa.com.br\/wp-content\/uploads\/2020\/04\/693-1024x1024.jpg 1024w, https:\/\/blog.univicosa.com.br\/wp-content\/uploads\/2020\/04\/693-150x150.jpg 150w, https:\/\/blog.univicosa.com.br\/wp-content\/uploads\/2020\/04\/693-300x300.jpg 300w, https:\/\/blog.univicosa.com.br\/wp-content\/uploads\/2020\/04\/693-768x768.jpg 768w, https:\/\/blog.univicosa.com.br\/wp-content\/uploads\/2020\/04\/693-85x85.jpg 85w, https:\/\/blog.univicosa.com.br\/wp-content\/uploads\/2020\/04\/693-1000x1000.jpg 1000w, https:\/\/blog.univicosa.com.br\/wp-content\/uploads\/2020\/04\/693.jpg 2000w\" sizes=\"(max-width: 1024px) 100vw, 1024px\" \/><figcaption>Foto: Freepik<\/figcaption><\/figure>\n\n\n\n<p>O <strong>trabalho <\/strong>sempre teve um <strong>relacionamento <\/strong>complicado com <strong>crises sanit\u00e1rias<\/strong>. Neste momento da COVID-19, temos um impacto nas organiza\u00e7\u00f5es e corpora\u00e7\u00f5es no que se diz \u00e0s leis trabalhistas e \u00e0s maneiras de trabalho remoto sem que a privacidade das informa\u00e7\u00f5es e a excel\u00eancia dos feitos sejam prejudicadas. <\/p>\n\n\n\n<p>Por\u00e9m, o <strong>trabalho <\/strong>j\u00e1 enfrenta consequ\u00eancias desta crise causada pela COVID-19: desabastecimento das linhas de produ\u00e7\u00e3o, absente\u00edsmo, queda no consumo, entre outras consequ\u00eancias imediatas. Para os pr\u00f3ximos meses, as empresas ter\u00e3o que se adequar \u00e0 uma <strong>nova realidade <\/strong>para que se mantenham em funcionamento. Algumas ir\u00e3o recorrer ao trabalho home office, por\u00e9m comerciantes, como lojistas, ir\u00e3o recorrer a outros recursos, como medidas propostas pelo <strong>Governo Federal <\/strong>para amenizar os impactos do <strong>desemprego <\/strong>e de poss\u00edveis <strong>quebras <\/strong>de <strong>neg\u00f3cios<\/strong>. <\/p>\n\n\n\n<p>Certamente, a <strong>preocupa\u00e7\u00e3o primordial <\/strong>e imediata deve ser a n\u00e3o propaga\u00e7\u00e3o e <strong>diminui\u00e7\u00e3o <\/strong>dos impactos negativos da pandemia na sa\u00fade de toda a comunidade da corpora\u00e7\u00e3o. Ent\u00e3o, o trabalho <em><strong>home office<\/strong>, <\/em>que j\u00e1 \u00e9 uma realidade para grandes empresas h\u00e1 muitos anos, vem sendo fortemente incorporado. Por\u00e9m, \u00e9 um grande desafio para a empresa e para o profissional, pois para se adequar a esta forma de trabalho \u00e9 necess\u00e1rio uma an\u00e1lise dos servi\u00e7os que podem ser realizados remotamente, investimento da empresa em estruturas que possibilidade o profissional desenvolver suas atividades e monitoramento constante dos resultados pelos gestores. <\/p>\n\n\n\n<p>Para muitos <strong>profissionais <\/strong>\u00e9 uma \u00f3tima forma de se trabalhar, por\u00e9m \u00e9 necess\u00e1rio muita disciplina e responsabilidade para que se respeite os hor\u00e1rios de in\u00edcio e de t\u00e9rmino, e os intervalos para as refei\u00e7\u00f5es. <\/p>\n\n\n\n<figure class=\"wp-block-image size-large is-resized\"><img data-attachment-id=\"2239\" data-permalink=\"https:\/\/blog.univicosa.com.br\/index.php\/2021\/07\/21\/covid-19-e-a-psicologia-organizacional-mundo-corporativo-trabalho-e-medidas-provisorias\/psicologia-organizacional-1\/\" data-orig-file=\"https:\/\/blog.univicosa.com.br\/wp-content\/uploads\/2021\/07\/psicologia-organizacional-1.jpg\" data-orig-size=\"900,560\" data-comments-opened=\"1\" data-image-meta=\"{&quot;aperture&quot;:&quot;0&quot;,&quot;credit&quot;:&quot;&quot;,&quot;camera&quot;:&quot;&quot;,&quot;caption&quot;:&quot;&quot;,&quot;created_timestamp&quot;:&quot;0&quot;,&quot;copyright&quot;:&quot;&quot;,&quot;focal_length&quot;:&quot;0&quot;,&quot;iso&quot;:&quot;0&quot;,&quot;shutter_speed&quot;:&quot;0&quot;,&quot;title&quot;:&quot;&quot;,&quot;orientation&quot;:&quot;0&quot;}\" data-image-title=\"psicologia-organizacional-1\" data-image-description=\"\" data-medium-file=\"https:\/\/blog.univicosa.com.br\/wp-content\/uploads\/2021\/07\/psicologia-organizacional-1-300x187.jpg\" data-large-file=\"https:\/\/blog.univicosa.com.br\/wp-content\/uploads\/2021\/07\/psicologia-organizacional-1.jpg\" loading=\"lazy\" src=\"https:\/\/blog.univicosa.com.br\/wp-content\/uploads\/2021\/07\/psicologia-organizacional-1.jpg\" alt=\"\" class=\"wp-image-2239\" width=\"547\" height=\"339\" srcset=\"https:\/\/blog.univicosa.com.br\/wp-content\/uploads\/2021\/07\/psicologia-organizacional-1.jpg 900w, https:\/\/blog.univicosa.com.br\/wp-content\/uploads\/2021\/07\/psicologia-organizacional-1-300x187.jpg 300w, https:\/\/blog.univicosa.com.br\/wp-content\/uploads\/2021\/07\/psicologia-organizacional-1-768x478.jpg 768w, https:\/\/blog.univicosa.com.br\/wp-content\/uploads\/2021\/07\/psicologia-organizacional-1-850x529.jpg 850w\" sizes=\"(max-width: 547px) 100vw, 547px\" \/><\/figure>\n\n\n\n<p><em><a href=\"https:\/\/univicosa.apprbs.com.br\/blog\/\">Ei, quer receber conte\u00fados exclusivos da Univi\u00e7osa? Como: blog posts, dicas para arrasar no vestibular, dicas para conseguir o emprego dos sonhos, dicas para arrasar nos estudos, dicas de eventos e muito mais? Clique aqui!<\/a><\/em><\/p>\n\n\n\n<p><strong>Especialistas <\/strong>recomendam que os <strong>profissionais <\/strong>que v\u00eam trabalhando em regime <strong><em>home office<\/em>, <\/strong>que criem uma rotina similar a de ir para o escrit\u00f3rio: hor\u00e1rio para acordar, para realizar suas rotinas de higiene, trocar de roupa e se acomodar em um local silencioso e organizado \u2013 de modo que haja uma simula\u00e7\u00e3o efetiva do ambiente de trabalho; tendo maiores chances de ter mais disciplina e estar preparado para poss\u00edveis webconfer\u00eancias profissionais. \u00a0<\/p>\n\n\n\n<p>As <strong>organiza\u00e7\u00f5es <\/strong>t\u00eam que se <strong>preocupar <\/strong>em manter a empresa em <strong>funcionamento <\/strong>para que n\u00e3o seja necess\u00e1rio fechar as portas de forma definitiva, se preocupando com a implanta\u00e7\u00e3o de rotinas de trabalho diferentes, sa\u00fade mental e f\u00edsica de seus colaboradores. \u00a0<\/p>\n\n\n\n<p>Por fim, a preocupa\u00e7\u00e3o com a sa\u00fade mental dos funcion\u00e1rios ap\u00f3s esta crise deveria ser levada a s\u00e9rio, visto que, depois de um longo per\u00edodo de reclus\u00e3o e afastamento social, nos depararemos com uma nova realidade e com a volta \u00e0 rotina. Ent\u00e3o, o acompanhamento psicol\u00f3gico para o retorno gradativo ao trabalho, defini\u00e7\u00e3o de novas metas e medidas para a retomada de crescimento se tornam essenciais. &nbsp;<\/p>\n\n\n\n<p><strong><em>Curso: alunos de Ci\u00eancias Cont\u00e1beis<\/em><\/strong><br><strong><em>Disciplina: Psicologia Organizacional \u00a0<\/em><\/strong><\/p>\n\n\n\n<p><a href=\"https:\/\/www.univicosa.com.br\/graduacao\/cursos\/ciencias_contabeis\">Curtiu e quer saber mais sobre o curso de&nbsp;<strong>Ci\u00eancias Cont\u00e1beis&nbsp;<\/strong>da&nbsp;<strong>UNIVI\u00c7OSA<\/strong>? Ent\u00e3o acesse o site da Univi\u00e7osa, clique aqui!<\/a><\/p>\n\n\n\n<p><a href=\"https:\/\/blog.univicosa.com.br\/index.php\/2021\/07\/13\/saiba-como-a-tecnologia-da-informacao-se-aplica-a-contabilidade\/\">Saiba como a tecnologia da informa\u00e7\u00e3o se aplica a contabilidade!<\/a><\/p>\n\n\n\n<p><a href=\"https:\/\/blog.univicosa.com.br\/index.php\/2021\/07\/05\/regime-tributario-brasileiro-conheca-os-3-tipos-existentes\/\">Regime tribut\u00e1rio brasileiro: conhe\u00e7a os 3 tipos existentes!<\/a><\/p>\n\n\n\n<p><a href=\"https:\/\/blog.univicosa.com.br\/index.php\/2021\/06\/07\/voce-sabia-empresas-dentro-do-simples-nacional-podem-pagar-menos-impostos-dentro-da-lei\/\">Voc\u00ea sabia? Empresas dentro do Simples Nacional podem pagar menos impostos dentro da lei!<\/a><br><br><a href=\"https:\/\/blog.univicosa.com.br\/index.php\/2021\/07\/08\/networking-e-a-pandemia-como-estabelecer-conexoes-autenticas-em-tempos-de-distanciamento-social\/\">Saiba o que \u00e9 Networking e potencialize sua carreira profissional!<\/a><\/p>\n\n\n\n<p><a href=\"https:\/\/blog.univicosa.com.br\/index.php\/2021\/06\/08\/8-dicas-para-se-preparar-para-uma-entrevista-de-estagio\/\">8 dicas para se preparar para uma entrevista de est\u00e1gio!<\/a><\/p>\n\n\n\n<p><a href=\"https:\/\/blog.univicosa.com.br\/index.php\/2021\/06\/15\/10-passos-para-ter-um-perfil-mais-relevante-no-linkedin\/\">10 passos para ter um perfil mais relevante no LinkedIn!<\/a><\/p>\n\n\n\n<p><a href=\"https:\/\/blog.univicosa.com.br\/index.php\/2021\/03\/24\/porque-cursar-ciencias-contabeis\/\">PORQUE CURSAR CI\u00caNCIAS CONT\u00c1BEIS<\/a><br><br><a href=\"https:\/\/blog.univicosa.com.br\/index.php\/2021\/07\/09\/voce-sabe-a-diferenca-entre-trabalhabilidade-e-empregabilidade\/\">Voc\u00ea sabe a diferen\u00e7a entre Trabalhabilidade e Empregabilidade?<\/a><\/p>\n\n\n\n<hr class=\"wp-block-separator\"\/>\n\n\n\n<p><em>Fonte parcial: <a href=\"https:\/\/www.significados.com.br\/psicologia-organizacional\/\" data-type=\"URL\" data-id=\"https:\/\/www.significados.com.br\/psicologia-organizacional\/\">significados.com.br\/<\/a><\/em><\/p>\n","protected":false},"excerpt":{"rendered":"<p>Produ\u00e7\u00e3o e escrita: Ederson de Oliveira Gonsaga e Tiago Gomes dos Santos Com a nova realidade imposta pelo novo coronav\u00edrus, o mundo precisou passar por transforma\u00e7\u00f5es e mudan\u00e7as repentinas para que atividades como trabalho e estudo n\u00e3o parem! Com a pandemia de COVID-19, precisamos nos reinventar e buscar por solu\u00e7\u00f5es pr\u00e1ticas e efetivas no que&#8230;<\/p>\n","protected":false},"author":2,"featured_media":2236,"comment_status":"open","ping_status":"open","sticky":false,"template":"","format":"standard","meta":{"spay_email":""},"categories":[34,15,39,1],"tags":[258,300,138,615,613,612,129,611,614],"jetpack_featured_media_url":"https:\/\/blog.univicosa.com.br\/wp-content\/uploads\/2021\/07\/psico-organiza-insta-1.png","jetpack_shortlink":"https:\/\/wp.me\/pbcCKk-hP","_links":{"self":[{"href":"https:\/\/blog.univicosa.com.br\/index.php\/wp-json\/wp\/v2\/posts\/1105"}],"collection":[{"href":"https:\/\/blog.univicosa.com.br\/index.php\/wp-json\/wp\/v2\/posts"}],"about":[{"href":"https:\/\/blog.univicosa.com.br\/index.php\/wp-json\/wp\/v2\/types\/post"}],"author":[{"embeddable":true,"href":"https:\/\/blog.univicosa.com.br\/index.php\/wp-json\/wp\/v2\/users\/2"}],"replies":[{"embeddable":true,"href":"https:\/\/blog.univicosa.com.br\/index.php\/wp-json\/wp\/v2\/comments?post=1105"}],"version-history":[{"count":5,"href":"https:\/\/blog.univicosa.com.br\/index.php\/wp-json\/wp\/v2\/posts\/1105\/revisions"}],"predecessor-version":[{"id":2242,"href":"https:\/\/blog.univicosa.com.br\/index.php\/wp-json\/wp\/v2\/posts\/1105\/revisions\/2242"}],"wp:featuredmedia":[{"embeddable":true,"href":"https:\/\/blog.univicosa.com.br\/index.php\/wp-json\/wp\/v2\/media\/2236"}],"wp:attachment":[{"href":"https:\/\/blog.univicosa.com.br\/index.php\/wp-json\/wp\/v2\/media?parent=1105"}],"wp:term":[{"taxonomy":"category","embeddable":true,"href":"https:\/\/blog.univicosa.com.br\/index.php\/wp-json\/wp\/v2\/categories?post=1105"},{"taxonomy":"post_tag","embeddable":true,"href":"https:\/\/blog.univicosa.com.br\/index.php\/wp-json\/wp\/v2\/tags?post=1105"}],"curies":[{"name":"wp","href":"https:\/\/api.w.org\/{rel}","templated":true}]}}