{"id":1092,"date":"2020-04-24T11:15:29","date_gmt":"2020-04-24T14:15:29","guid":{"rendered":"https:\/\/blog.univicosa.com.br\/?p=1092"},"modified":"2020-04-24T11:15:29","modified_gmt":"2020-04-24T14:15:29","slug":"covid-19-aprenda-a-confeccionar-3-modelos-de-mascaras-caseiras","status":"publish","type":"post","link":"https:\/\/blog.univicosa.com.br\/index.php\/2020\/04\/24\/covid-19-aprenda-a-confeccionar-3-modelos-de-mascaras-caseiras\/","title":{"rendered":"COVID-19: aprenda a confeccionar 3 modelos de m\u00e1scaras caseiras"},"content":{"rendered":"\n<ul data-carousel-extra='{\"blog_id\":1,\"permalink\":\"https:\\\/\\\/blog.univicosa.com.br\\\/index.php\\\/2020\\\/04\\\/24\\\/covid-19-aprenda-a-confeccionar-3-modelos-de-mascaras-caseiras\\\/\"}' class=\"wp-block-gallery columns-1 is-cropped\"><li class=\"blocks-gallery-item\"><figure><img data-attachment-id=\"1093\" data-permalink=\"https:\/\/blog.univicosa.com.br\/index.php\/2020\/04\/24\/covid-19-aprenda-a-confeccionar-3-modelos-de-mascaras-caseiras\/mascaras-caseiras\/\" data-orig-file=\"https:\/\/blog.univicosa.com.br\/wp-content\/uploads\/2020\/04\/mascaras-caseiras.jpg\" data-orig-size=\"1080,1080\" data-comments-opened=\"1\" data-image-meta=\"{&quot;aperture&quot;:&quot;0&quot;,&quot;credit&quot;:&quot;&quot;,&quot;camera&quot;:&quot;&quot;,&quot;caption&quot;:&quot;&quot;,&quot;created_timestamp&quot;:&quot;0&quot;,&quot;copyright&quot;:&quot;&quot;,&quot;focal_length&quot;:&quot;0&quot;,&quot;iso&quot;:&quot;0&quot;,&quot;shutter_speed&quot;:&quot;0&quot;,&quot;title&quot;:&quot;&quot;,&quot;orientation&quot;:&quot;1&quot;}\" data-image-title=\"mascaras-caseiras\" data-image-description=\"\" data-medium-file=\"https:\/\/blog.univicosa.com.br\/wp-content\/uploads\/2020\/04\/mascaras-caseiras-300x300.jpg\" data-large-file=\"https:\/\/blog.univicosa.com.br\/wp-content\/uploads\/2020\/04\/mascaras-caseiras-1024x1024.jpg\" loading=\"lazy\" width=\"1024\" height=\"1024\" src=\"https:\/\/blog.univicosa.com.br\/wp-content\/uploads\/2020\/04\/mascaras-caseiras-1024x1024.jpg\" alt=\"\" data-id=\"1093\" data-link=\"https:\/\/blog.univicosa.com.br\/?attachment_id=1093\" class=\"wp-image-1093\" srcset=\"https:\/\/blog.univicosa.com.br\/wp-content\/uploads\/2020\/04\/mascaras-caseiras-1024x1024.jpg 1024w, https:\/\/blog.univicosa.com.br\/wp-content\/uploads\/2020\/04\/mascaras-caseiras-150x150.jpg 150w, https:\/\/blog.univicosa.com.br\/wp-content\/uploads\/2020\/04\/mascaras-caseiras-300x300.jpg 300w, https:\/\/blog.univicosa.com.br\/wp-content\/uploads\/2020\/04\/mascaras-caseiras-768x768.jpg 768w, https:\/\/blog.univicosa.com.br\/wp-content\/uploads\/2020\/04\/mascaras-caseiras-85x85.jpg 85w, https:\/\/blog.univicosa.com.br\/wp-content\/uploads\/2020\/04\/mascaras-caseiras-1000x1000.jpg 1000w, https:\/\/blog.univicosa.com.br\/wp-content\/uploads\/2020\/04\/mascaras-caseiras.jpg 1080w\" sizes=\"(max-width: 1024px) 100vw, 1024px\" \/><\/figure><\/li><\/ul>\n\n\n\n<p>Com o consider\u00e1vel crescimento de casos de&nbsp;<a href=\"https:\/\/revistagalileu.globo.com\/Ciencia\/noticia\/2020\/04\/o-que-dizem-estudos-que-contestam-eficacia-da-cloroquina-contra-covid-19.html\" target=\"_blank\" rel=\"noreferrer noopener\"><strong>COVID-19<\/strong><\/a>, \u00f3rg\u00e3os oficiais da sa\u00fade&nbsp;passaram a recomendar a utiliza\u00e7\u00e3o de&nbsp;<a href=\"https:\/\/revistagalileu.globo.com\/Ciencia\/Saude\/noticia\/2020\/03\/mascaras-ajudam-prevenir-covid-19-especialistas-analisam-pros-e-contras.html\" target=\"_blank\" rel=\"noreferrer noopener\">m\u00e1scaras<\/a>&nbsp;\u00e0queles que, por motivos essenciais, precisam sair de casa no per\u00edodo de distanciamento social.&nbsp;&nbsp;<\/p>\n\n\n\n<p>A recomenda\u00e7\u00e3o resultou no aumento dos pre\u00e7os das m\u00e1scaras e, em alguns locais, o produto \u00e9 dificilmente encontrado. Com a diminui\u00e7\u00e3o da oferta das m\u00e1scaras descart\u00e1veis &#8211; essenciais para os profissionais da sa\u00fade que trabalham na linha de frente do combate \u00e0&nbsp;<a href=\"https:\/\/revistagalileu.globo.com\/Sociedade\/Comportamento\/noticia\/2020\/03\/7-dicas-para-cuidar-da-sua-saude-mental-em-tempos-de-pandemia.html\" target=\"_blank\" rel=\"noreferrer noopener\"><strong>pandemia<\/strong><\/a>&nbsp;do&nbsp;<a href=\"https:\/\/revistagalileu.globo.com\/Ciencia\/Saude\/noticia\/2020\/04\/poluicao-pode-ser-fator-agravante-para-mortalidade-por-covid-19-na-italia.html\" target=\"_blank\" rel=\"noreferrer noopener\"><strong>Sars-CoV-2<\/strong><\/a><strong>&nbsp;&#8211;&nbsp;<\/strong>autoridades e profissionais&nbsp;da sa\u00fade passaram a recomendar o uso de m\u00e1scaras caseiras para toda a popula\u00e7\u00e3o.&nbsp;&nbsp;<\/p>\n\n\n\n<p><strong>Por isso, a Univi\u00e7osa preparou um passo a passo para a confec\u00e7\u00e3o de 3 modelos de m\u00e1scaras para proteger a voc\u00ea e sua fam\u00edlia.\u00a0\u00a0<\/strong><\/p>\n\n\n\n<p style=\"text-align:center\">ATEN\u00c7\u00c3O: A recomenda\u00e7\u00e3o do Centro para Controle e Preven\u00e7\u00e3o de Doen\u00e7as dos Estados Unidos (CDC) \u00e9 utilizar um tecido de algod\u00e3o resistente, como aqueles utilizados em camisetas ou len\u00e7\u00f3is. Len\u00e7os muito finos podem n\u00e3o ser efetivos.\u00a0\u00a0<\/p>\n\n\n\n<h2> <strong>Op\u00e7\u00e3o 1 (sem m\u00e1quina de costura)<\/strong>\u00a0\u00a0 <\/h2>\n\n\n\n<figure class=\"wp-block-image\"><img data-attachment-id=\"1094\" data-permalink=\"https:\/\/blog.univicosa.com.br\/index.php\/2020\/04\/24\/covid-19-aprenda-a-confeccionar-3-modelos-de-mascaras-caseiras\/a6\/\" data-orig-file=\"https:\/\/blog.univicosa.com.br\/wp-content\/uploads\/2020\/04\/a6.jpg\" data-orig-size=\"807,238\" data-comments-opened=\"1\" data-image-meta=\"{&quot;aperture&quot;:&quot;0&quot;,&quot;credit&quot;:&quot;&quot;,&quot;camera&quot;:&quot;&quot;,&quot;caption&quot;:&quot;&quot;,&quot;created_timestamp&quot;:&quot;0&quot;,&quot;copyright&quot;:&quot;&quot;,&quot;focal_length&quot;:&quot;0&quot;,&quot;iso&quot;:&quot;0&quot;,&quot;shutter_speed&quot;:&quot;0&quot;,&quot;title&quot;:&quot;&quot;,&quot;orientation&quot;:&quot;0&quot;}\" data-image-title=\"a6\" data-image-description=\"\" data-medium-file=\"https:\/\/blog.univicosa.com.br\/wp-content\/uploads\/2020\/04\/a6-300x88.jpg\" data-large-file=\"https:\/\/blog.univicosa.com.br\/wp-content\/uploads\/2020\/04\/a6.jpg\" loading=\"lazy\" width=\"807\" height=\"238\" src=\"https:\/\/blog.univicosa.com.br\/wp-content\/uploads\/2020\/04\/a6.jpg\" alt=\"\" class=\"wp-image-1094\" srcset=\"https:\/\/blog.univicosa.com.br\/wp-content\/uploads\/2020\/04\/a6.jpg 807w, https:\/\/blog.univicosa.com.br\/wp-content\/uploads\/2020\/04\/a6-300x88.jpg 300w, https:\/\/blog.univicosa.com.br\/wp-content\/uploads\/2020\/04\/a6-768x226.jpg 768w, https:\/\/blog.univicosa.com.br\/wp-content\/uploads\/2020\/04\/a6-800x236.jpg 800w\" sizes=\"(max-width: 807px) 100vw, 807px\" \/><figcaption>FOTOS: CDC<\/figcaption><\/figure>\n\n\n\n<p>1. Corte um filtro de caf\u00e9 ao meio, descartando a parte lacrada.&nbsp;<\/p>\n\n\n\n<p>2. Pegue um peda\u00e7o de tecido quadrado com lados de aproximadamente 50 cent\u00edmetros e dobre-o ao meio.&nbsp;<\/p>\n\n\n\n<p>3. Com o tecido dobrado ao meio, coloque a parte superior do filtro de caf\u00e9 bem no meio do tecido. Dobre o tecido que sobrou, cobrindo o filtro. Fa\u00e7a o mesmo com a parte inferior.\u00a0<\/p>\n\n\n\n<ul data-carousel-extra='{\"blog_id\":1,\"permalink\":\"https:\\\/\\\/blog.univicosa.com.br\\\/index.php\\\/2020\\\/04\\\/24\\\/covid-19-aprenda-a-confeccionar-3-modelos-de-mascaras-caseiras\\\/\"}' class=\"wp-block-gallery columns-1 is-cropped\"><li class=\"blocks-gallery-item\"><figure><img data-attachment-id=\"1096\" data-permalink=\"https:\/\/blog.univicosa.com.br\/index.php\/2020\/04\/24\/covid-19-aprenda-a-confeccionar-3-modelos-de-mascaras-caseiras\/a7-1\/\" data-orig-file=\"https:\/\/blog.univicosa.com.br\/wp-content\/uploads\/2020\/04\/a7-1.jpg\" data-orig-size=\"1050,188\" data-comments-opened=\"1\" data-image-meta=\"{&quot;aperture&quot;:&quot;0&quot;,&quot;credit&quot;:&quot;&quot;,&quot;camera&quot;:&quot;&quot;,&quot;caption&quot;:&quot;&quot;,&quot;created_timestamp&quot;:&quot;0&quot;,&quot;copyright&quot;:&quot;&quot;,&quot;focal_length&quot;:&quot;0&quot;,&quot;iso&quot;:&quot;0&quot;,&quot;shutter_speed&quot;:&quot;0&quot;,&quot;title&quot;:&quot;&quot;,&quot;orientation&quot;:&quot;0&quot;}\" data-image-title=\"a7-1\" data-image-description=\"\" data-medium-file=\"https:\/\/blog.univicosa.com.br\/wp-content\/uploads\/2020\/04\/a7-1-300x54.jpg\" data-large-file=\"https:\/\/blog.univicosa.com.br\/wp-content\/uploads\/2020\/04\/a7-1-1024x183.jpg\" loading=\"lazy\" width=\"1024\" height=\"183\" src=\"https:\/\/blog.univicosa.com.br\/wp-content\/uploads\/2020\/04\/a7-1-1024x183.jpg\" alt=\"\" data-id=\"1096\" data-link=\"https:\/\/blog.univicosa.com.br\/?attachment_id=1096\" class=\"wp-image-1096\" srcset=\"https:\/\/blog.univicosa.com.br\/wp-content\/uploads\/2020\/04\/a7-1-1024x183.jpg 1024w, https:\/\/blog.univicosa.com.br\/wp-content\/uploads\/2020\/04\/a7-1-300x54.jpg 300w, https:\/\/blog.univicosa.com.br\/wp-content\/uploads\/2020\/04\/a7-1-768x138.jpg 768w, https:\/\/blog.univicosa.com.br\/wp-content\/uploads\/2020\/04\/a7-1-1000x179.jpg 1000w, https:\/\/blog.univicosa.com.br\/wp-content\/uploads\/2020\/04\/a7-1-800x143.jpg 800w, https:\/\/blog.univicosa.com.br\/wp-content\/uploads\/2020\/04\/a7-1.jpg 1050w\" sizes=\"(max-width: 1024px) 100vw, 1024px\" \/><figcaption><br><br><br><br><\/figcaption><\/figure><\/li><\/ul>\n\n\n\n<p>4. Pegue dois el\u00e1sticos (podem ser de cabelo, caso n\u00e3o tenha o de costura em casa) e passe o tecido por dentro deles. \u00c9 importante que a dist\u00e2ncia entre os el\u00e1sticos seja de ao menos 15 cent\u00edmetros.&nbsp;<\/p>\n\n\n\n<p>5. Dobre o tecido que sobrou ao lado do el\u00e1stico de modo a cobri-lo. Fa\u00e7a o mesmo com o outro lado.&nbsp;<\/p>\n\n\n\n<p>6. Certifique-se de que voc\u00ea tem um ret\u00e2ngulo com 15 cent\u00edmetros de altura por 25 de comprimento.&nbsp;<\/p>\n\n\n\n<p>7. Coloque cada el\u00e1stico ao redor de uma orelha e certifique-se de que sua boca e seu nariz est\u00e3o protegidos.&nbsp;<\/p>\n\n\n\n<h2> <strong>Op\u00e7\u00e3o 2 (sem m\u00e1quina de costura)<\/strong> <\/h2>\n\n\n\n<ul data-carousel-extra='{\"blog_id\":1,\"permalink\":\"https:\\\/\\\/blog.univicosa.com.br\\\/index.php\\\/2020\\\/04\\\/24\\\/covid-19-aprenda-a-confeccionar-3-modelos-de-mascaras-caseiras\\\/\"}' class=\"wp-block-gallery columns-1 is-cropped\"><li class=\"blocks-gallery-item\"><figure><img data-attachment-id=\"1097\" data-permalink=\"https:\/\/blog.univicosa.com.br\/index.php\/2020\/04\/24\/covid-19-aprenda-a-confeccionar-3-modelos-de-mascaras-caseiras\/a5\/\" data-orig-file=\"https:\/\/blog.univicosa.com.br\/wp-content\/uploads\/2020\/04\/a5.jpg\" data-orig-size=\"805,301\" data-comments-opened=\"1\" data-image-meta=\"{&quot;aperture&quot;:&quot;0&quot;,&quot;credit&quot;:&quot;&quot;,&quot;camera&quot;:&quot;&quot;,&quot;caption&quot;:&quot;&quot;,&quot;created_timestamp&quot;:&quot;0&quot;,&quot;copyright&quot;:&quot;&quot;,&quot;focal_length&quot;:&quot;0&quot;,&quot;iso&quot;:&quot;0&quot;,&quot;shutter_speed&quot;:&quot;0&quot;,&quot;title&quot;:&quot;&quot;,&quot;orientation&quot;:&quot;0&quot;}\" data-image-title=\"a5\" data-image-description=\"\" data-medium-file=\"https:\/\/blog.univicosa.com.br\/wp-content\/uploads\/2020\/04\/a5-300x112.jpg\" data-large-file=\"https:\/\/blog.univicosa.com.br\/wp-content\/uploads\/2020\/04\/a5.jpg\" loading=\"lazy\" width=\"805\" height=\"301\" src=\"https:\/\/blog.univicosa.com.br\/wp-content\/uploads\/2020\/04\/a5.jpg\" alt=\"\" data-id=\"1097\" data-link=\"https:\/\/blog.univicosa.com.br\/?attachment_id=1097\" class=\"wp-image-1097\" srcset=\"https:\/\/blog.univicosa.com.br\/wp-content\/uploads\/2020\/04\/a5.jpg 805w, https:\/\/blog.univicosa.com.br\/wp-content\/uploads\/2020\/04\/a5-300x112.jpg 300w, https:\/\/blog.univicosa.com.br\/wp-content\/uploads\/2020\/04\/a5-768x287.jpg 768w, https:\/\/blog.univicosa.com.br\/wp-content\/uploads\/2020\/04\/a5-800x300.jpg 800w\" sizes=\"(max-width: 805px) 100vw, 805px\" \/><figcaption>FOTO: CDC<\/figcaption><\/figure><\/li><\/ul>\n\n\n\n<p>1.&nbsp;Recorte a bainha de uma camiseta e se certifique de que o tecido tenha ao menos 15 cent\u00edmetros de altura.&nbsp;&nbsp;<\/p>\n\n\n\n<p>2. Recorte um ret\u00e2ngulo de aproximadamente 10 cent\u00edmetros a partir de um dos extremos do tecido, deixando tiras em cima e embaixo de 1 cent\u00edmetro cada uma. A parte que sobrar ser\u00e1 utilizada para cobrir seu rosto. Depois disso, separe as pontas de 1 cent\u00edmetro da m\u00e1scara para utiliz\u00e1-las&nbsp;como al\u00e7as.&nbsp;<\/p>\n\n\n\n<p>3. Use o ret\u00e2ngulo para cobrir o rosto e a boca (a parte mais larga deve estar na horizontal). Ent\u00e3o, fa\u00e7a um n\u00f3 com as al\u00e7as superiores no topo da cabe\u00e7a, deixando-as firmes. Depois, fa\u00e7a um n\u00f3 com as al\u00e7as inferiores em seu\u00a0pesco\u00e7o.\u00a0<\/p>\n\n\n\n<h2><strong>Op\u00e7\u00e3o 3 (usando m\u00e1quina de costura)<\/strong>\u00a0 <\/h2>\n\n\n\n<ul data-carousel-extra='{\"blog_id\":1,\"permalink\":\"https:\\\/\\\/blog.univicosa.com.br\\\/index.php\\\/2020\\\/04\\\/24\\\/covid-19-aprenda-a-confeccionar-3-modelos-de-mascaras-caseiras\\\/\"}' class=\"wp-block-gallery columns-1 is-cropped\"><li class=\"blocks-gallery-item\"><figure><img data-attachment-id=\"1098\" data-permalink=\"https:\/\/blog.univicosa.com.br\/index.php\/2020\/04\/24\/covid-19-aprenda-a-confeccionar-3-modelos-de-mascaras-caseiras\/a1\/\" data-orig-file=\"https:\/\/blog.univicosa.com.br\/wp-content\/uploads\/2020\/04\/a1.jpg\" data-orig-size=\"680,312\" data-comments-opened=\"1\" data-image-meta=\"{&quot;aperture&quot;:&quot;0&quot;,&quot;credit&quot;:&quot;&quot;,&quot;camera&quot;:&quot;&quot;,&quot;caption&quot;:&quot;&quot;,&quot;created_timestamp&quot;:&quot;0&quot;,&quot;copyright&quot;:&quot;&quot;,&quot;focal_length&quot;:&quot;0&quot;,&quot;iso&quot;:&quot;0&quot;,&quot;shutter_speed&quot;:&quot;0&quot;,&quot;title&quot;:&quot;&quot;,&quot;orientation&quot;:&quot;0&quot;}\" data-image-title=\"a1\" data-image-description=\"\" data-medium-file=\"https:\/\/blog.univicosa.com.br\/wp-content\/uploads\/2020\/04\/a1-300x138.jpg\" data-large-file=\"https:\/\/blog.univicosa.com.br\/wp-content\/uploads\/2020\/04\/a1.jpg\" loading=\"lazy\" width=\"680\" height=\"312\" src=\"https:\/\/blog.univicosa.com.br\/wp-content\/uploads\/2020\/04\/a1.jpg\" alt=\"\" data-id=\"1098\" data-link=\"https:\/\/blog.univicosa.com.br\/?attachment_id=1098\" class=\"wp-image-1098\" srcset=\"https:\/\/blog.univicosa.com.br\/wp-content\/uploads\/2020\/04\/a1.jpg 680w, https:\/\/blog.univicosa.com.br\/wp-content\/uploads\/2020\/04\/a1-300x138.jpg 300w, https:\/\/blog.univicosa.com.br\/wp-content\/uploads\/2020\/04\/a1-654x300.jpg 654w\" sizes=\"(max-width: 680px) 100vw, 680px\" \/><figcaption>FOTOS: CDC<\/figcaption><\/figure><\/li><\/ul>\n\n\n\n<p>1. Recorte dois ret\u00e2ngulos de 25 por 15 cent\u00edmetros de tecido de algod\u00e3o. Coloque um em cima do outro e costure-os juntos.&nbsp;&nbsp;<\/p>\n\n\n\n<ul data-carousel-extra='{\"blog_id\":1,\"permalink\":\"https:\\\/\\\/blog.univicosa.com.br\\\/index.php\\\/2020\\\/04\\\/24\\\/covid-19-aprenda-a-confeccionar-3-modelos-de-mascaras-caseiras\\\/\"}' class=\"wp-block-gallery columns-1 is-cropped\"><li class=\"blocks-gallery-item\"><figure><img data-attachment-id=\"1099\" data-permalink=\"https:\/\/blog.univicosa.com.br\/index.php\/2020\/04\/24\/covid-19-aprenda-a-confeccionar-3-modelos-de-mascaras-caseiras\/a2\/\" data-orig-file=\"https:\/\/blog.univicosa.com.br\/wp-content\/uploads\/2020\/04\/a2.jpg\" data-orig-size=\"300,280\" data-comments-opened=\"1\" data-image-meta=\"{&quot;aperture&quot;:&quot;0&quot;,&quot;credit&quot;:&quot;&quot;,&quot;camera&quot;:&quot;&quot;,&quot;caption&quot;:&quot;&quot;,&quot;created_timestamp&quot;:&quot;0&quot;,&quot;copyright&quot;:&quot;&quot;,&quot;focal_length&quot;:&quot;0&quot;,&quot;iso&quot;:&quot;0&quot;,&quot;shutter_speed&quot;:&quot;0&quot;,&quot;title&quot;:&quot;&quot;,&quot;orientation&quot;:&quot;0&quot;}\" data-image-title=\"a2\" data-image-description=\"\" data-medium-file=\"https:\/\/blog.univicosa.com.br\/wp-content\/uploads\/2020\/04\/a2-300x280.jpg\" data-large-file=\"https:\/\/blog.univicosa.com.br\/wp-content\/uploads\/2020\/04\/a2.jpg\" loading=\"lazy\" width=\"300\" height=\"280\" src=\"https:\/\/blog.univicosa.com.br\/wp-content\/uploads\/2020\/04\/a2.jpg\" alt=\"\" data-id=\"1099\" data-link=\"https:\/\/blog.univicosa.com.br\/?attachment_id=1099\" class=\"wp-image-1099\"\/><\/figure><\/li><\/ul>\n\n\n\n<p>2. Dobre as bainhas para dentro (se preferir personalizar, deixe a estampa para fora). Do lado maior, dobre 0,5 cent\u00edmetro para dentro. Do lado menor, dobre 1 cent\u00edmetro para dentro. Depois disso, costure as pontas da bainha (lembre-se de deixar espa\u00e7o para transpassar os el\u00e1sticos da m\u00e1scara).&nbsp;<br>&nbsp;<\/p>\n\n\n\n<p>3. Pegue dois el\u00e1sticos com 15 cent\u00edmetros de comprimento e passe cada um em uma das bainhas mais largas da m\u00e1scara para o encaixe nas orelhas. Amarre bem as pontas dos el\u00e1sticos. Caso n\u00e3o tenha linha ou el\u00e1stico de costura, voc\u00ea poder\u00e1 usar um el\u00e1stico de cabelo.\u00a0<\/p>\n\n\n\n<ul data-carousel-extra='{\"blog_id\":1,\"permalink\":\"https:\\\/\\\/blog.univicosa.com.br\\\/index.php\\\/2020\\\/04\\\/24\\\/covid-19-aprenda-a-confeccionar-3-modelos-de-mascaras-caseiras\\\/\"}' class=\"wp-block-gallery columns-1 is-cropped\"><li class=\"blocks-gallery-item\"><figure><img data-attachment-id=\"1102\" data-permalink=\"https:\/\/blog.univicosa.com.br\/index.php\/2020\/04\/24\/covid-19-aprenda-a-confeccionar-3-modelos-de-mascaras-caseiras\/a3-2\/\" data-orig-file=\"https:\/\/blog.univicosa.com.br\/wp-content\/uploads\/2020\/04\/a3-2.jpg\" data-orig-size=\"696,229\" data-comments-opened=\"1\" data-image-meta=\"{&quot;aperture&quot;:&quot;0&quot;,&quot;credit&quot;:&quot;&quot;,&quot;camera&quot;:&quot;&quot;,&quot;caption&quot;:&quot;&quot;,&quot;created_timestamp&quot;:&quot;0&quot;,&quot;copyright&quot;:&quot;&quot;,&quot;focal_length&quot;:&quot;0&quot;,&quot;iso&quot;:&quot;0&quot;,&quot;shutter_speed&quot;:&quot;0&quot;,&quot;title&quot;:&quot;&quot;,&quot;orientation&quot;:&quot;0&quot;}\" data-image-title=\"a3-2\" data-image-description=\"\" data-medium-file=\"https:\/\/blog.univicosa.com.br\/wp-content\/uploads\/2020\/04\/a3-2-300x99.jpg\" data-large-file=\"https:\/\/blog.univicosa.com.br\/wp-content\/uploads\/2020\/04\/a3-2.jpg\" loading=\"lazy\" width=\"696\" height=\"229\" src=\"https:\/\/blog.univicosa.com.br\/wp-content\/uploads\/2020\/04\/a3-2.jpg\" alt=\"\" data-id=\"1102\" data-link=\"https:\/\/blog.univicosa.com.br\/?attachment_id=1102\" class=\"wp-image-1102\" srcset=\"https:\/\/blog.univicosa.com.br\/wp-content\/uploads\/2020\/04\/a3-2.jpg 696w, https:\/\/blog.univicosa.com.br\/wp-content\/uploads\/2020\/04\/a3-2-300x99.jpg 300w\" sizes=\"(max-width: 696px) 100vw, 696px\" \/><\/figure><\/li><\/ul>\n\n\n\n<p>4.\u00a0Puxe com cuidado o el\u00e1stico para que os n\u00f3s fiquem por dentro da bainha. Certifique-se de que o tecido esteja apertado (mas confort\u00e1vel), cobrindo sua boca e seu nariz. Em seguida, costure firmemente o el\u00e1stico no lugar para evitar que ele escorregue.\u00a0\u00a0<\/p>\n\n\n\n<ul data-carousel-extra='{\"blog_id\":1,\"permalink\":\"https:\\\/\\\/blog.univicosa.com.br\\\/index.php\\\/2020\\\/04\\\/24\\\/covid-19-aprenda-a-confeccionar-3-modelos-de-mascaras-caseiras\\\/\"}' class=\"wp-block-gallery columns-1 is-cropped\"><li class=\"blocks-gallery-item\"><figure><img data-attachment-id=\"1103\" data-permalink=\"https:\/\/blog.univicosa.com.br\/index.php\/2020\/04\/24\/covid-19-aprenda-a-confeccionar-3-modelos-de-mascaras-caseiras\/a4\/\" data-orig-file=\"https:\/\/blog.univicosa.com.br\/wp-content\/uploads\/2020\/04\/a4.jpg\" data-orig-size=\"300,209\" data-comments-opened=\"1\" data-image-meta=\"{&quot;aperture&quot;:&quot;0&quot;,&quot;credit&quot;:&quot;&quot;,&quot;camera&quot;:&quot;&quot;,&quot;caption&quot;:&quot;&quot;,&quot;created_timestamp&quot;:&quot;0&quot;,&quot;copyright&quot;:&quot;&quot;,&quot;focal_length&quot;:&quot;0&quot;,&quot;iso&quot;:&quot;0&quot;,&quot;shutter_speed&quot;:&quot;0&quot;,&quot;title&quot;:&quot;&quot;,&quot;orientation&quot;:&quot;0&quot;}\" data-image-title=\"a4\" data-image-description=\"\" data-medium-file=\"https:\/\/blog.univicosa.com.br\/wp-content\/uploads\/2020\/04\/a4-300x209.jpg\" data-large-file=\"https:\/\/blog.univicosa.com.br\/wp-content\/uploads\/2020\/04\/a4.jpg\" loading=\"lazy\" width=\"300\" height=\"209\" src=\"https:\/\/blog.univicosa.com.br\/wp-content\/uploads\/2020\/04\/a4.jpg\" alt=\"\" data-id=\"1103\" data-link=\"https:\/\/blog.univicosa.com.br\/?attachment_id=1103\" class=\"wp-image-1103\"\/><\/figure><\/li><\/ul>\n\n\n\n<p> No munic\u00edpio de Vi\u00e7osa-MG, o uso das m\u00e1scaras em vias p\u00fablicas passou a ser obrigatoriedade, em decorr\u00eancia do decreto municipal n\u00ba 5.450\/2020 que prev\u00ea normas r\u00edgidas para a retomada de alguns setores econ\u00f4micos da cidade e para a circula\u00e7\u00e3o de pessoas em espa\u00e7os p\u00fablicos. <\/p>\n\n\n\n<p>A prote\u00e7\u00e3o para a sua fam\u00edlia est\u00e1 em suas m\u00e3os!<\/p>\n","protected":false},"excerpt":{"rendered":"<p>Com o consider\u00e1vel crescimento de casos de&nbsp;COVID-19, \u00f3rg\u00e3os oficiais da sa\u00fade&nbsp;passaram a recomendar a utiliza\u00e7\u00e3o de&nbsp;m\u00e1scaras&nbsp;\u00e0queles que, por motivos essenciais, precisam sair de casa no per\u00edodo de distanciamento social.&nbsp;&nbsp; A recomenda\u00e7\u00e3o resultou no aumento dos pre\u00e7os das m\u00e1scaras e, em alguns locais, o produto \u00e9 dificilmente encontrado. Com a diminui\u00e7\u00e3o da oferta das m\u00e1scaras descart\u00e1veis&#8230;<\/p>\n","protected":false},"author":2,"featured_media":0,"comment_status":"open","ping_status":"open","sticky":false,"template":"","format":"standard","meta":{"spay_email":""},"categories":[1],"tags":[],"jetpack_featured_media_url":"","jetpack_shortlink":"https:\/\/wp.me\/pbcCKk-hC","_links":{"self":[{"href":"https:\/\/blog.univicosa.com.br\/index.php\/wp-json\/wp\/v2\/posts\/1092"}],"collection":[{"href":"https:\/\/blog.univicosa.com.br\/index.php\/wp-json\/wp\/v2\/posts"}],"about":[{"href":"https:\/\/blog.univicosa.com.br\/index.php\/wp-json\/wp\/v2\/types\/post"}],"author":[{"embeddable":true,"href":"https:\/\/blog.univicosa.com.br\/index.php\/wp-json\/wp\/v2\/users\/2"}],"replies":[{"embeddable":true,"href":"https:\/\/blog.univicosa.com.br\/index.php\/wp-json\/wp\/v2\/comments?post=1092"}],"version-history":[{"count":1,"href":"https:\/\/blog.univicosa.com.br\/index.php\/wp-json\/wp\/v2\/posts\/1092\/revisions"}],"predecessor-version":[{"id":1104,"href":"https:\/\/blog.univicosa.com.br\/index.php\/wp-json\/wp\/v2\/posts\/1092\/revisions\/1104"}],"wp:attachment":[{"href":"https:\/\/blog.univicosa.com.br\/index.php\/wp-json\/wp\/v2\/media?parent=1092"}],"wp:term":[{"taxonomy":"category","embeddable":true,"href":"https:\/\/blog.univicosa.com.br\/index.php\/wp-json\/wp\/v2\/categories?post=1092"},{"taxonomy":"post_tag","embeddable":true,"href":"https:\/\/blog.univicosa.com.br\/index.php\/wp-json\/wp\/v2\/tags?post=1092"}],"curies":[{"name":"wp","href":"https:\/\/api.w.org\/{rel}","templated":true}]}}