{"id":1086,"date":"2020-04-22T13:29:36","date_gmt":"2020-04-22T16:29:36","guid":{"rendered":"https:\/\/blog.univicosa.com.br\/?p=1086"},"modified":"2020-04-22T13:36:28","modified_gmt":"2020-04-22T16:36:28","slug":"mascaras-para-combate-a-covid-19-saiba-como-usa-las-corretamente","status":"publish","type":"post","link":"https:\/\/blog.univicosa.com.br\/index.php\/2020\/04\/22\/mascaras-para-combate-a-covid-19-saiba-como-usa-las-corretamente\/","title":{"rendered":"M\u00e1scaras para combate \u00e0 COVID-19: saiba como utiliz\u00e1-las corretamente"},"content":{"rendered":"\n<p><em>Grande parte dos estados e munic\u00edpios do pa\u00eds, incluindo Vi\u00e7osa &#8211; MG, vem adotando medidas para intensificar o combate \u00e0 COVID-19. Dentre elas est\u00e1 o uso obrigat\u00f3rio de m\u00e1scaras.<\/em><\/p>\n\n\n\n<figure class=\"wp-block-image\"><img data-attachment-id=\"1088\" data-permalink=\"https:\/\/blog.univicosa.com.br\/index.php\/2020\/04\/22\/mascaras-para-combate-a-covid-19-saiba-como-usa-las-corretamente\/attachment\/3637675\/\" data-orig-file=\"https:\/\/blog.univicosa.com.br\/wp-content\/uploads\/2020\/04\/3637675.jpg\" data-orig-size=\"2000,2000\" data-comments-opened=\"1\" data-image-meta=\"{&quot;aperture&quot;:&quot;0&quot;,&quot;credit&quot;:&quot;&quot;,&quot;camera&quot;:&quot;&quot;,&quot;caption&quot;:&quot;&quot;,&quot;created_timestamp&quot;:&quot;0&quot;,&quot;copyright&quot;:&quot;&quot;,&quot;focal_length&quot;:&quot;0&quot;,&quot;iso&quot;:&quot;0&quot;,&quot;shutter_speed&quot;:&quot;0&quot;,&quot;title&quot;:&quot;&quot;,&quot;orientation&quot;:&quot;1&quot;}\" data-image-title=\"3637675\" data-image-description=\"\" data-medium-file=\"https:\/\/blog.univicosa.com.br\/wp-content\/uploads\/2020\/04\/3637675-300x300.jpg\" data-large-file=\"https:\/\/blog.univicosa.com.br\/wp-content\/uploads\/2020\/04\/3637675-1024x1024.jpg\" loading=\"lazy\" width=\"1024\" height=\"1024\" src=\"https:\/\/blog.univicosa.com.br\/wp-content\/uploads\/2020\/04\/3637675-1024x1024.jpg\" alt=\"\" class=\"wp-image-1088\" srcset=\"https:\/\/blog.univicosa.com.br\/wp-content\/uploads\/2020\/04\/3637675-1024x1024.jpg 1024w, https:\/\/blog.univicosa.com.br\/wp-content\/uploads\/2020\/04\/3637675-150x150.jpg 150w, https:\/\/blog.univicosa.com.br\/wp-content\/uploads\/2020\/04\/3637675-300x300.jpg 300w, https:\/\/blog.univicosa.com.br\/wp-content\/uploads\/2020\/04\/3637675-768x768.jpg 768w, https:\/\/blog.univicosa.com.br\/wp-content\/uploads\/2020\/04\/3637675-85x85.jpg 85w, https:\/\/blog.univicosa.com.br\/wp-content\/uploads\/2020\/04\/3637675-1000x1000.jpg 1000w, https:\/\/blog.univicosa.com.br\/wp-content\/uploads\/2020\/04\/3637675.jpg 2000w\" sizes=\"(max-width: 1024px) 100vw, 1024px\" \/><figcaption>Foto: Freepik<\/figcaption><\/figure>\n\n\n\n<p>Para conter a dissemina\u00e7\u00e3o da COVID-19, doen\u00e7a causada pelo novo coronav\u00edrus, a Organiza\u00e7\u00e3o Mundial da Sa\u00fade (OMS) vem recomendando fortemente o uso de m\u00e1scaras \u00e0s pessoas que precisam trabalhar em lugares fechados, de atendimento ao p\u00fablico e \u00e0queles que necessitem frequentar lugares p\u00fablicos, como supermercados e ag\u00eancias banc\u00e1rias. <\/p>\n\n\n\n<p>O uso e descarte correto das m\u00e1scaras \u00e9 essencial para que\nesta medida de preven\u00e7\u00e3o n\u00e3o se torne mais uma forma de contamina\u00e7\u00e3o. Portanto,\nse os procedimentos n\u00e3o forem executados de maneira adequada, os germes podem\npermanecer na superf\u00edcie da m\u00e1scara. <\/p>\n\n\n\n<p><strong>Recomenda\u00e7\u00f5es importantes para o uso correto: <\/strong><\/p>\n\n\n\n<p>\u2022 A m\u00e1scara deve cobrir totalmente o nariz e a boca;<\/p>\n\n\n\n<p>\u2022 A m\u00e1scara deve ser colocada e retirada sempre voltada para a frente; &nbsp;<\/p>\n\n\n\n<p>\u2022 N\u00e3o se deve ter contato com a parte da frente da m\u00e1scara. \u00c9 preciso evitar que a parte externa encoste na pele para que n\u00e3o haja contamina\u00e7\u00e3o;<\/p>\n\n\n\n<p>\u2022 A remo\u00e7\u00e3o deve ser feita por meio dos el\u00e1sticos das\nlaterais; <\/p>\n\n\n\n<p>\u2022 A substitui\u00e7\u00e3o da m\u00e1scara deve ser feita quando ela ficar \u00famida; <\/p>\n\n\n\n<p>\u2022 O descarte das m\u00e1scaras descart\u00e1veis deve ser feito em cesto de lixo fechado;<\/p>\n\n\n\n<p>\u2022 As m\u00e1scaras de pano podem ser reutiliz\u00e1-las desde que bem higienizadas com \u00e1gua e sab\u00e3o; <\/p>\n\n\n\n<p>\u2022 A reutiliza\u00e7\u00e3o de m\u00e1scaras descart\u00e1veis n\u00e3o \u00e9 recomendada.<\/p>\n\n\n\n<p>Em rela\u00e7\u00e3o a higieniza\u00e7\u00e3o das m\u00e3os, elas devem ser lavadas antes e ap\u00f3s o manejo das m\u00e1scaras. Al\u00e9m disso, caso encoste acidentalmente na parte da frente do acess\u00f3rio, lave imediatamente as m\u00e3os com \u00e1gua e sab\u00e3o ou utilize \u00e1lcool em gel. &nbsp;<\/p>\n\n\n\n<p>Assim, seguindo as recomenda\u00e7\u00f5es da Organiza\u00e7\u00e3o Mundial da Sa\u00fade (OMS) e nos mantendo informados, a taxa de cont\u00e1gio do novo coronav\u00edrus vai diminuindo e menos pessoas v\u00e3o sendo acometidas pela doen\u00e7a. <\/p>\n","protected":false},"excerpt":{"rendered":"<p>Grande parte dos estados e munic\u00edpios do pa\u00eds, incluindo Vi\u00e7osa &#8211; MG, vem adotando medidas para intensificar o combate \u00e0 COVID-19. Dentre elas est\u00e1 o uso obrigat\u00f3rio de m\u00e1scaras. Para conter a dissemina\u00e7\u00e3o da COVID-19, doen\u00e7a causada pelo novo coronav\u00edrus, a Organiza\u00e7\u00e3o Mundial da Sa\u00fade (OMS) vem recomendando fortemente o uso de m\u00e1scaras \u00e0s pessoas&#8230;<\/p>\n","protected":false},"author":2,"featured_media":0,"comment_status":"open","ping_status":"open","sticky":false,"template":"","format":"standard","meta":{"spay_email":""},"categories":[1],"tags":[],"jetpack_featured_media_url":"","jetpack_shortlink":"https:\/\/wp.me\/pbcCKk-hw","_links":{"self":[{"href":"https:\/\/blog.univicosa.com.br\/index.php\/wp-json\/wp\/v2\/posts\/1086"}],"collection":[{"href":"https:\/\/blog.univicosa.com.br\/index.php\/wp-json\/wp\/v2\/posts"}],"about":[{"href":"https:\/\/blog.univicosa.com.br\/index.php\/wp-json\/wp\/v2\/types\/post"}],"author":[{"embeddable":true,"href":"https:\/\/blog.univicosa.com.br\/index.php\/wp-json\/wp\/v2\/users\/2"}],"replies":[{"embeddable":true,"href":"https:\/\/blog.univicosa.com.br\/index.php\/wp-json\/wp\/v2\/comments?post=1086"}],"version-history":[{"count":4,"href":"https:\/\/blog.univicosa.com.br\/index.php\/wp-json\/wp\/v2\/posts\/1086\/revisions"}],"predecessor-version":[{"id":1091,"href":"https:\/\/blog.univicosa.com.br\/index.php\/wp-json\/wp\/v2\/posts\/1086\/revisions\/1091"}],"wp:attachment":[{"href":"https:\/\/blog.univicosa.com.br\/index.php\/wp-json\/wp\/v2\/media?parent=1086"}],"wp:term":[{"taxonomy":"category","embeddable":true,"href":"https:\/\/blog.univicosa.com.br\/index.php\/wp-json\/wp\/v2\/categories?post=1086"},{"taxonomy":"post_tag","embeddable":true,"href":"https:\/\/blog.univicosa.com.br\/index.php\/wp-json\/wp\/v2\/tags?post=1086"}],"curies":[{"name":"wp","href":"https:\/\/api.w.org\/{rel}","templated":true}]}}