{"id":1080,"date":"2020-04-22T12:59:26","date_gmt":"2020-04-22T15:59:26","guid":{"rendered":"https:\/\/blog.univicosa.com.br\/?p=1080"},"modified":"2020-04-22T13:03:36","modified_gmt":"2020-04-22T16:03:36","slug":"satisfacao-no-trabalho-da-saude-do-trabalhador-a-saude-da-empresa","status":"publish","type":"post","link":"https:\/\/blog.univicosa.com.br\/index.php\/2020\/04\/22\/satisfacao-no-trabalho-da-saude-do-trabalhador-a-saude-da-empresa\/","title":{"rendered":"Satisfa\u00e7\u00e3o no trabalho: da sa\u00fade do trabalhador \u00e0 sa\u00fade da empresa"},"content":{"rendered":"\n<p>Por Rubia Fonseca*<\/p>\n\n\n\n<ul data-carousel-extra='{\"blog_id\":1,\"permalink\":\"https:\\\/\\\/blog.univicosa.com.br\\\/index.php\\\/2020\\\/04\\\/22\\\/satisfacao-no-trabalho-da-saude-do-trabalhador-a-saude-da-empresa\\\/\"}' class=\"wp-block-gallery columns-1 is-cropped\"><li class=\"blocks-gallery-item\"><figure><img data-attachment-id=\"1081\" data-permalink=\"https:\/\/blog.univicosa.com.br\/index.php\/2020\/04\/22\/satisfacao-no-trabalho-da-saude-do-trabalhador-a-saude-da-empresa\/attachment\/3518442\/\" data-orig-file=\"https:\/\/blog.univicosa.com.br\/wp-content\/uploads\/2020\/04\/3518442.jpg\" data-orig-size=\"6400,2935\" data-comments-opened=\"1\" data-image-meta=\"{&quot;aperture&quot;:&quot;5.6&quot;,&quot;credit&quot;:&quot;&quot;,&quot;camera&quot;:&quot;Canon EOS 5D Mark IV&quot;,&quot;caption&quot;:&quot;&quot;,&quot;created_timestamp&quot;:&quot;1493253853&quot;,&quot;copyright&quot;:&quot;Freepik.com&quot;,&quot;focal_length&quot;:&quot;47&quot;,&quot;iso&quot;:&quot;125&quot;,&quot;shutter_speed&quot;:&quot;0.00625&quot;,&quot;title&quot;:&quot;&quot;,&quot;orientation&quot;:&quot;1&quot;}\" data-image-title=\"3518442\" data-image-description=\"\" data-medium-file=\"https:\/\/blog.univicosa.com.br\/wp-content\/uploads\/2020\/04\/3518442-300x138.jpg\" data-large-file=\"https:\/\/blog.univicosa.com.br\/wp-content\/uploads\/2020\/04\/3518442-1024x470.jpg\" loading=\"lazy\" width=\"1024\" height=\"470\" src=\"https:\/\/blog.univicosa.com.br\/wp-content\/uploads\/2020\/04\/3518442-1024x470.jpg\" alt=\"\" data-id=\"1081\" data-link=\"https:\/\/blog.univicosa.com.br\/?attachment_id=1081\" class=\"wp-image-1081\" srcset=\"https:\/\/blog.univicosa.com.br\/wp-content\/uploads\/2020\/04\/3518442-1024x470.jpg 1024w, https:\/\/blog.univicosa.com.br\/wp-content\/uploads\/2020\/04\/3518442-300x138.jpg 300w, https:\/\/blog.univicosa.com.br\/wp-content\/uploads\/2020\/04\/3518442-768x352.jpg 768w, https:\/\/blog.univicosa.com.br\/wp-content\/uploads\/2020\/04\/3518442-1000x459.jpg 1000w, https:\/\/blog.univicosa.com.br\/wp-content\/uploads\/2020\/04\/3518442-654x300.jpg 654w\" sizes=\"(max-width: 1024px) 100vw, 1024px\" \/><figcaption><br><br> <br>Foto: Freepik <\/figcaption><\/figure><\/li><\/ul>\n\n\n\n<p>O trabalho sempre fez parte da vida dos seres humanos. Foi atrav\u00e9s dele que as civiliza\u00e7\u00f5es conseguiram se desenvolver e alcan\u00e7ar o n\u00edvel atual. Dada a relev\u00e2ncia social e econ\u00f4mica da atividade laboral para o homem, bem como a import\u00e2ncia das pessoas para o sucesso de qualquer empreendimento, \u00e9 vital que as organiza\u00e7\u00f5es avaliem a satisfa\u00e7\u00e3o de sua equipe com o trabalho e busquem formas de melhor\u00e1-la.&nbsp;&nbsp;<\/p>\n\n\n\n<p>Dentre os motivos para descontentamento com o trabalho podemos citar: aus\u00eancia de feedback, percep\u00e7\u00e3o de injusti\u00e7a na remunera\u00e7\u00e3o, excesso de trabalho, press\u00e3o pelo alcance de resultados e dificuldade de relacionamento com as lideran\u00e7as. Antes visto prioritariamente como fonte de renda, o trabalho tem hoje muito mais rela\u00e7\u00e3o com&nbsp;autorrealiza\u00e7\u00e3o&nbsp;e felicidade, assim, as expectativa s\u00e3o cada vez maiores. Todavia, \u00e9 preciso ter em mente que a satisfa\u00e7\u00e3o tamb\u00e9m passa por aspectos pessoais, como personalidade, experi\u00eancias anteriores, expectativas e compara\u00e7\u00e3o das condi\u00e7\u00f5es e recompensas com os de outras pessoas do seu c\u00edrculo social.&nbsp;<\/p>\n\n\n\n<p>A satisfa\u00e7\u00e3o com o trabalho est\u00e1 relacionada&nbsp;n\u00e3o s\u00f3 com a qualidade de vida do trabalhador, mas tamb\u00e9m com seu desempenho na empresa, podendo incorrer em preju\u00edzos tanto para organiza\u00e7\u00e3o (aumento de absente\u00edsmo e rotatividade, eleva\u00e7\u00e3o dos custos de produ\u00e7\u00e3o, queda na qualidade, impacto no clima organizacional e preju\u00edzo \u00e0 imagem da empresa no mercado) quanto para o profissional (comprometimento de sua sa\u00fade, renda&nbsp;e rela\u00e7\u00f5es sociais), ou seja, a satisfa\u00e7\u00e3o no trabalho pode ser considerada como um determinante de vitalidade da empresa e do trabalhador.&nbsp;<\/p>\n\n\n\n<p>Os colaboradores tendem a trabalhar mais satisfeitos em um ambiente saud\u00e1vel do ponto de vista biol\u00f3gico, ps\u00edquico e social. Al\u00e9m disso, fatores como autonomia, variabilidade de tarefas e oportunidades&nbsp;de uso e desenvolvimento de suas habilidades corroboram para um sentimento maior de realiza\u00e7\u00e3o pelo trabalho.&nbsp;<\/p>\n\n\n\n<p>Para melhorar as condi\u00e7\u00f5es de trabalho e o clima organizacional as organiza\u00e7\u00f5es devem cuidar para que a empresa seja um local no qual a pessoa possa colocar em pr\u00e1tica seus talentos, em uma conviv\u00eancia harm\u00f4nica com seus pares. Desenvolvimento de habilidades sociais, melhoria no sistema&nbsp;de&nbsp;comunica\u00e7\u00e3o interna e valoriza\u00e7\u00e3o de comportamentos colaborativos est\u00e3o entre as a\u00e7\u00f5es que podem ser adotadas, al\u00e9m de treinamentos&nbsp;e altern\u00e2ncia de fun\u00e7\u00f5es, para melhor adequa\u00e7\u00e3o do indiv\u00edduo \u00e0s atividades, bem como programas de reconhecimento e participa\u00e7\u00e3o na gest\u00e3o.&nbsp;<\/p>\n\n\n\n<figure class=\"wp-block-image\"><img data-attachment-id=\"1082\" data-permalink=\"https:\/\/blog.univicosa.com.br\/index.php\/2020\/04\/22\/satisfacao-no-trabalho-da-saude-do-trabalhador-a-saude-da-empresa\/online-statistics\/\" data-orig-file=\"https:\/\/blog.univicosa.com.br\/wp-content\/uploads\/2020\/04\/15646.jpg\" data-orig-size=\"5760,3840\" data-comments-opened=\"1\" data-image-meta=\"{&quot;aperture&quot;:&quot;2&quot;,&quot;credit&quot;:&quot;&quot;,&quot;camera&quot;:&quot;Canon EOS 5D Mark III&quot;,&quot;caption&quot;:&quot;Statistics chart on laptop display and trader analyzing the data&quot;,&quot;created_timestamp&quot;:&quot;1499262288&quot;,&quot;copyright&quot;:&quot;&quot;,&quot;focal_length&quot;:&quot;50&quot;,&quot;iso&quot;:&quot;100&quot;,&quot;shutter_speed&quot;:&quot;0.00625&quot;,&quot;title&quot;:&quot;Online statistics&quot;,&quot;orientation&quot;:&quot;1&quot;}\" data-image-title=\"Online statistics\" data-image-description=\"\" data-medium-file=\"https:\/\/blog.univicosa.com.br\/wp-content\/uploads\/2020\/04\/15646-300x200.jpg\" data-large-file=\"https:\/\/blog.univicosa.com.br\/wp-content\/uploads\/2020\/04\/15646-1024x683.jpg\" loading=\"lazy\" width=\"1024\" height=\"683\" src=\"https:\/\/blog.univicosa.com.br\/wp-content\/uploads\/2020\/04\/15646-1024x683.jpg\" alt=\"\" class=\"wp-image-1082\" srcset=\"https:\/\/blog.univicosa.com.br\/wp-content\/uploads\/2020\/04\/15646-1024x683.jpg 1024w, https:\/\/blog.univicosa.com.br\/wp-content\/uploads\/2020\/04\/15646-300x200.jpg 300w, https:\/\/blog.univicosa.com.br\/wp-content\/uploads\/2020\/04\/15646-768x512.jpg 768w, https:\/\/blog.univicosa.com.br\/wp-content\/uploads\/2020\/04\/15646-1000x667.jpg 1000w, https:\/\/blog.univicosa.com.br\/wp-content\/uploads\/2020\/04\/15646-450x300.jpg 450w\" sizes=\"(max-width: 1024px) 100vw, 1024px\" \/><figcaption>Foto: Freepik<\/figcaption><\/figure>\n\n\n\n<p>Em momentos como esse, em que a pandemia da COVID-19 paira sobre n\u00f3s, \u00e9 muito importante refletir sobre o seu local de trabalho. Sobretudo, \u00e9 momento tamb\u00e9m de aumentar a reflex\u00e3o sobre sua sa\u00fade mental  e expectativas enquanto trabalhador. Aos l\u00edderes, a reflex\u00e3o \u00e9 a mesma, mas com um ponto de vista voltado aos seus colaboradores. A sa\u00fade de um organiza\u00e7\u00e3o depende da sa\u00fade dos que a movem. <\/p>\n\n\n\n<p><strong>*Rubia Fonseca &#8211;  Docente dos cursos de Administra\u00e7\u00e3o e Ci\u00eancias Cont\u00e1beis da Univi\u00e7osa. Coordenadora do MBA em Gest\u00e3o de Pessoas, Compet\u00eancias e Coaching;<\/strong><\/p>\n","protected":false},"excerpt":{"rendered":"<p>Por Rubia Fonseca* O trabalho sempre fez parte da vida dos seres humanos. Foi atrav\u00e9s dele que as civiliza\u00e7\u00f5es conseguiram se desenvolver e alcan\u00e7ar o n\u00edvel atual. Dada a relev\u00e2ncia social e econ\u00f4mica da atividade laboral para o homem, bem como a import\u00e2ncia das pessoas para o sucesso de qualquer empreendimento, \u00e9 vital que as&#8230;<\/p>\n","protected":false},"author":2,"featured_media":0,"comment_status":"open","ping_status":"open","sticky":false,"template":"","format":"standard","meta":{"spay_email":""},"categories":[1],"tags":[],"jetpack_featured_media_url":"","jetpack_shortlink":"https:\/\/wp.me\/pbcCKk-hq","_links":{"self":[{"href":"https:\/\/blog.univicosa.com.br\/index.php\/wp-json\/wp\/v2\/posts\/1080"}],"collection":[{"href":"https:\/\/blog.univicosa.com.br\/index.php\/wp-json\/wp\/v2\/posts"}],"about":[{"href":"https:\/\/blog.univicosa.com.br\/index.php\/wp-json\/wp\/v2\/types\/post"}],"author":[{"embeddable":true,"href":"https:\/\/blog.univicosa.com.br\/index.php\/wp-json\/wp\/v2\/users\/2"}],"replies":[{"embeddable":true,"href":"https:\/\/blog.univicosa.com.br\/index.php\/wp-json\/wp\/v2\/comments?post=1080"}],"version-history":[{"count":3,"href":"https:\/\/blog.univicosa.com.br\/index.php\/wp-json\/wp\/v2\/posts\/1080\/revisions"}],"predecessor-version":[{"id":1085,"href":"https:\/\/blog.univicosa.com.br\/index.php\/wp-json\/wp\/v2\/posts\/1080\/revisions\/1085"}],"wp:attachment":[{"href":"https:\/\/blog.univicosa.com.br\/index.php\/wp-json\/wp\/v2\/media?parent=1080"}],"wp:term":[{"taxonomy":"category","embeddable":true,"href":"https:\/\/blog.univicosa.com.br\/index.php\/wp-json\/wp\/v2\/categories?post=1080"},{"taxonomy":"post_tag","embeddable":true,"href":"https:\/\/blog.univicosa.com.br\/index.php\/wp-json\/wp\/v2\/tags?post=1080"}],"curies":[{"name":"wp","href":"https:\/\/api.w.org\/{rel}","templated":true}]}}