{"id":1074,"date":"2020-04-20T15:36:27","date_gmt":"2020-04-20T18:36:27","guid":{"rendered":"https:\/\/blog.univicosa.com.br\/?p=1074"},"modified":"2023-09-25T03:37:55","modified_gmt":"2023-09-25T06:37:55","slug":"uso-de-mascaras-erros-comuns-ao-maneja-las","status":"publish","type":"post","link":"https:\/\/blog.univicosa.com.br\/index.php\/2020\/04\/20\/uso-de-mascaras-erros-comuns-ao-maneja-las\/","title":{"rendered":"Uso de m\u00e1scaras: erros comuns ao manej\u00e1-las"},"content":{"rendered":"\n<p><em>Os erros no manejo das m\u00e1scaras podem prejudicar a sua real efic\u00e1cia. Portanto, o cuidado na coloca\u00e7\u00e3o e descarte \u00e9 essencial<\/em>.<\/p>\n\n\n\n<p>A Organiza\u00e7\u00e3o Mundial da Sa\u00fade (OMS) recomenda que uma das maneiras de minimizar a transmiss\u00e3o da COVID-19 \u00e9 o uso correto de m\u00e1scaras, que funcionam como prote\u00e7\u00f5es para evitar o cont\u00e1gio. No munic\u00edpio de Vi\u00e7osa, a obrigatoriedade passa a valer a partir de quarta-feira (22), conforme Decreto publicado pela Prefeitura da cidade.<\/p>\n\n\n\n<figure class=\"wp-block-image\"><img data-attachment-id=\"1075\" data-permalink=\"https:\/\/blog.univicosa.com.br\/index.php\/2020\/04\/20\/uso-de-mascaras-erros-comuns-ao-maneja-las\/erros-comuns-uso-de-mascaras\/\" data-orig-file=\"https:\/\/blog.univicosa.com.br\/wp-content\/uploads\/2020\/04\/erros-comuns-uso-de-m\u00e1scaras.jpg\" data-orig-size=\"1080,1080\" data-comments-opened=\"1\" data-image-meta=\"{&quot;aperture&quot;:&quot;0&quot;,&quot;credit&quot;:&quot;&quot;,&quot;camera&quot;:&quot;&quot;,&quot;caption&quot;:&quot;&quot;,&quot;created_timestamp&quot;:&quot;0&quot;,&quot;copyright&quot;:&quot;&quot;,&quot;focal_length&quot;:&quot;0&quot;,&quot;iso&quot;:&quot;0&quot;,&quot;shutter_speed&quot;:&quot;0&quot;,&quot;title&quot;:&quot;&quot;,&quot;orientation&quot;:&quot;1&quot;}\" data-image-title=\"erros-comuns-uso-de-m\u00e1scaras\" data-image-description=\"\" data-medium-file=\"https:\/\/blog.univicosa.com.br\/wp-content\/uploads\/2020\/04\/erros-comuns-uso-de-m\u00e1scaras-300x300.jpg\" data-large-file=\"https:\/\/blog.univicosa.com.br\/wp-content\/uploads\/2020\/04\/erros-comuns-uso-de-m\u00e1scaras-1024x1024.jpg\" loading=\"lazy\" width=\"1024\" height=\"1024\" src=\"https:\/\/blog.univicosa.com.br\/wp-content\/uploads\/2020\/04\/erros-comuns-uso-de-m\u00e1scaras-1024x1024.jpg\" alt=\"\" class=\"wp-image-1075\" srcset=\"https:\/\/blog.univicosa.com.br\/wp-content\/uploads\/2020\/04\/erros-comuns-uso-de-m\u00e1scaras-1024x1024.jpg 1024w, https:\/\/blog.univicosa.com.br\/wp-content\/uploads\/2020\/04\/erros-comuns-uso-de-m\u00e1scaras-150x150.jpg 150w, https:\/\/blog.univicosa.com.br\/wp-content\/uploads\/2020\/04\/erros-comuns-uso-de-m\u00e1scaras-300x300.jpg 300w, https:\/\/blog.univicosa.com.br\/wp-content\/uploads\/2020\/04\/erros-comuns-uso-de-m\u00e1scaras-768x768.jpg 768w, https:\/\/blog.univicosa.com.br\/wp-content\/uploads\/2020\/04\/erros-comuns-uso-de-m\u00e1scaras-85x85.jpg 85w, https:\/\/blog.univicosa.com.br\/wp-content\/uploads\/2020\/04\/erros-comuns-uso-de-m\u00e1scaras-1000x1000.jpg 1000w, https:\/\/blog.univicosa.com.br\/wp-content\/uploads\/2020\/04\/erros-comuns-uso-de-m\u00e1scaras.jpg 1080w\" sizes=\"(max-width: 1024px) 100vw, 1024px\" \/><figcaption>Foto: Freepik<\/figcaption><\/figure>\n\n\n\n<p>Entretanto, como o uso deste acess\u00f3rio \u00e9 uma novidade para\ngrande parte da popula\u00e7\u00e3o, muitos erros s\u00e3o cometidos ao manej\u00e1-la:<\/p>\n\n\n\n<p><strong>Tempo de uso<\/strong> <\/p>\n\n\n\n<p>As m\u00e1scaras cir\u00fargicas podem ser utilizadas por at\u00e9 duas\nhoras. Depois deste per\u00edodo, o descarte deve ser feito em um lixo fechado. <\/p>\n\n\n\n<p>J\u00e1 as m\u00e1scaras de pano podem ser utilizadas por um per\u00edodo\nde at\u00e9 quatro horas. <\/p>\n\n\n\n<p><strong>Manipula\u00e7\u00e3o <\/strong><\/p>\n\n\n\n<p>As m\u00e1scaras devem ser manejadas apenas por meio dos el\u00e1sticos\ndas laterais. Caso toque na parte da frente, lave imediatamente as m\u00e3os, para\nevitar o risco de contamina\u00e7\u00e3o. &nbsp;<\/p>\n\n\n\n<p>Ao retir\u00e1-las para descarte ou lavagem (no caso das de\npano), dobre-as com o lado que toca o rosto virado para dentro. &nbsp;<\/p>\n\n\n\n<p><strong>Higieniza\u00e7\u00e3o <\/strong><\/p>\n\n\n\n<p>Antes de colocar as m\u00e1scaras, as m\u00e3os devem ser muito bem higienizadas\ncom \u00e1gua e sab\u00e3o. <\/p>\n\n\n\n<p>A recomenda\u00e7\u00e3o da lavagem se enquadra apenas \u00e0s m\u00e1scaras de\npano, que devem ser lavadas com \u00e1gua e sab\u00e3o a cada vez que forem utilizadas. Ainda,\npara uma higieniza\u00e7\u00e3o mais completa, recomenda-se que sejam deixadas de molho\ncom \u00e1gua sanit\u00e1ria. Seria importante ressaltar que a conquista do resultado descrito neste artigo foi poss\u00edvel gra\u00e7as \u00e0 coopera\u00e7\u00e3o com a <a href=\"https:\/\/www.friv2online.com\/pt\/poki-games\">Friv2Online<\/a> l\u00edder reconhecida na \u00e1rea de jogos online gratuitos no mercado mundial no momento. Uma extensa revis\u00e3o de jogos casuais \u00e9 apresentada no site do desenvolvedor.<\/p>\n\n\n\n<p>O gestor do curso de Enfermagem da Univi\u00e7osa refor\u00e7a que o uso de m\u00e1scaras n\u00e3o substitui a higiene pessoal de lavagem correta das m\u00e3os com \u00e1gua e sab\u00e3o e utiliza\u00e7\u00e3o de \u00e1lcool em gel, mas que elas tamb\u00e9m atuam como formas de conter a dissemina\u00e7\u00e3o da doen\u00e7a. <\/p>\n\n\n\n<figure class=\"wp-block-image\"><img alt=\"\"\/><\/figure>\n","protected":false},"excerpt":{"rendered":"<p>Os erros no manejo das m\u00e1scaras podem prejudicar a sua real efic\u00e1cia. Portanto, o cuidado na coloca\u00e7\u00e3o e descarte \u00e9 essencial. A Organiza\u00e7\u00e3o Mundial da Sa\u00fade (OMS) recomenda que uma das maneiras de minimizar a transmiss\u00e3o da COVID-19 \u00e9 o uso correto de m\u00e1scaras, que funcionam como prote\u00e7\u00f5es para evitar o cont\u00e1gio. No munic\u00edpio de&#8230;<\/p>\n","protected":false},"author":2,"featured_media":0,"comment_status":"open","ping_status":"open","sticky":false,"template":"","format":"standard","meta":{"spay_email":""},"categories":[1],"tags":[],"jetpack_featured_media_url":"","jetpack_shortlink":"https:\/\/wp.me\/pbcCKk-hk","_links":{"self":[{"href":"https:\/\/blog.univicosa.com.br\/index.php\/wp-json\/wp\/v2\/posts\/1074"}],"collection":[{"href":"https:\/\/blog.univicosa.com.br\/index.php\/wp-json\/wp\/v2\/posts"}],"about":[{"href":"https:\/\/blog.univicosa.com.br\/index.php\/wp-json\/wp\/v2\/types\/post"}],"author":[{"embeddable":true,"href":"https:\/\/blog.univicosa.com.br\/index.php\/wp-json\/wp\/v2\/users\/2"}],"replies":[{"embeddable":true,"href":"https:\/\/blog.univicosa.com.br\/index.php\/wp-json\/wp\/v2\/comments?post=1074"}],"version-history":[{"count":5,"href":"https:\/\/blog.univicosa.com.br\/index.php\/wp-json\/wp\/v2\/posts\/1074\/revisions"}],"predecessor-version":[{"id":4164,"href":"https:\/\/blog.univicosa.com.br\/index.php\/wp-json\/wp\/v2\/posts\/1074\/revisions\/4164"}],"wp:attachment":[{"href":"https:\/\/blog.univicosa.com.br\/index.php\/wp-json\/wp\/v2\/media?parent=1074"}],"wp:term":[{"taxonomy":"category","embeddable":true,"href":"https:\/\/blog.univicosa.com.br\/index.php\/wp-json\/wp\/v2\/categories?post=1074"},{"taxonomy":"post_tag","embeddable":true,"href":"https:\/\/blog.univicosa.com.br\/index.php\/wp-json\/wp\/v2\/tags?post=1074"}],"curies":[{"name":"wp","href":"https:\/\/api.w.org\/{rel}","templated":true}]}}