{"id":1071,"date":"2020-04-17T15:53:14","date_gmt":"2020-04-17T18:53:14","guid":{"rendered":"https:\/\/blog.univicosa.com.br\/?p=1071"},"modified":"2020-04-17T15:53:14","modified_gmt":"2020-04-17T18:53:14","slug":"mascaras-de-tecido-dicas-de-uso-e-higienizacao-para-te-proteger-contra-o-novo-coronavirus","status":"publish","type":"post","link":"https:\/\/blog.univicosa.com.br\/index.php\/2020\/04\/17\/mascaras-de-tecido-dicas-de-uso-e-higienizacao-para-te-proteger-contra-o-novo-coronavirus\/","title":{"rendered":"M\u00e1scaras de tecido: dicas de uso e higieniza\u00e7\u00e3o para te proteger contra o novo coronav\u00edrus"},"content":{"rendered":"\n<figure class=\"wp-block-embed-youtube wp-block-embed is-type-video is-provider-youtube wp-embed-aspect-16-9 wp-has-aspect-ratio\"><div class=\"wp-block-embed__wrapper\">\n<div class=\"jetpack-video-wrapper\"><iframe title=\"M\u00e1scaras de tecido: dicas de uso e higieniza\u00e7\u00e3o para te proteger contra o novo coronav\u00edrus\" width=\"640\" height=\"360\" src=\"https:\/\/www.youtube.com\/embed\/V898Mgddl2c?start=69&#038;feature=oembed\" frameborder=\"0\" allow=\"accelerometer; autoplay; clipboard-write; encrypted-media; gyroscope; picture-in-picture\" allowfullscreen><\/iframe><\/div>\n<\/div><\/figure>\n\n\n\n<p>\u00d3rg\u00e3os internacionais de sa\u00fade, como o CDC (Centros de Controle e Preven\u00e7\u00e3o de Doen\u00e7as dos Estados Unidos) e o ECDC (Centro Europeu de Preven\u00e7\u00e3o e Controle das Doen\u00e7as), passaram a recomendar o uso de m\u00e1scaras de tecido pela popula\u00e7\u00e3o geral como estrat\u00e9gia complementar no controle novo coronav\u00edrus (COVID-19).<\/p>\n\n\n\n<p>No Brasil, o Minist\u00e9rio da Sa\u00fade divulgou nota informativa em que recomenda\u00a0que m\u00e1scaras cir\u00fargicas e N95 sejam priorizadas para profissionais de sa\u00fade e sugere que a popula\u00e7\u00e3o fa\u00e7a uso tamb\u00e9m de m\u00e1scaras caseiras, utilizando determinados tecidos.<\/p>\n\n\n\n<p>Em Vi\u00e7osa, o uso das m\u00e1scaras em vias p\u00fablicas passou a ser obrigatoriedade, em decorr\u00eancia do decreto municipal n\u00ba 5.450\/2020 que prev\u00ea normas r\u00edgidas para a retomada de alguns setores econ\u00f4micos da cidade e para a circula\u00e7\u00e3o de pessoas em espa\u00e7os p\u00fablicos.<\/p>\n\n\n\n<p>Mas, voc\u00ea sabe a forma correta de utiliz\u00e1-las? Sabe sobre as medidas de higieniza\u00e7\u00e3o corretas? A aluna do 9\u00ba per\u00edodo do curso de Fisioterapia, Caroline Mol, explica o passo a passo pra voc\u00ea.\u00a0<\/p>\n","protected":false},"excerpt":{"rendered":"<p>\u00d3rg\u00e3os internacionais de sa\u00fade, como o CDC (Centros de Controle e Preven\u00e7\u00e3o de Doen\u00e7as dos Estados Unidos) e o ECDC (Centro Europeu de Preven\u00e7\u00e3o e Controle das Doen\u00e7as), passaram a recomendar o uso de m\u00e1scaras de tecido pela popula\u00e7\u00e3o geral como estrat\u00e9gia complementar no controle novo coronav\u00edrus (COVID-19). No Brasil, o Minist\u00e9rio da Sa\u00fade divulgou&#8230;<\/p>\n","protected":false},"author":2,"featured_media":0,"comment_status":"open","ping_status":"open","sticky":false,"template":"","format":"standard","meta":{"spay_email":""},"categories":[1],"tags":[],"jetpack_featured_media_url":"","jetpack_shortlink":"https:\/\/wp.me\/pbcCKk-hh","_links":{"self":[{"href":"https:\/\/blog.univicosa.com.br\/index.php\/wp-json\/wp\/v2\/posts\/1071"}],"collection":[{"href":"https:\/\/blog.univicosa.com.br\/index.php\/wp-json\/wp\/v2\/posts"}],"about":[{"href":"https:\/\/blog.univicosa.com.br\/index.php\/wp-json\/wp\/v2\/types\/post"}],"author":[{"embeddable":true,"href":"https:\/\/blog.univicosa.com.br\/index.php\/wp-json\/wp\/v2\/users\/2"}],"replies":[{"embeddable":true,"href":"https:\/\/blog.univicosa.com.br\/index.php\/wp-json\/wp\/v2\/comments?post=1071"}],"version-history":[{"count":1,"href":"https:\/\/blog.univicosa.com.br\/index.php\/wp-json\/wp\/v2\/posts\/1071\/revisions"}],"predecessor-version":[{"id":1072,"href":"https:\/\/blog.univicosa.com.br\/index.php\/wp-json\/wp\/v2\/posts\/1071\/revisions\/1072"}],"wp:attachment":[{"href":"https:\/\/blog.univicosa.com.br\/index.php\/wp-json\/wp\/v2\/media?parent=1071"}],"wp:term":[{"taxonomy":"category","embeddable":true,"href":"https:\/\/blog.univicosa.com.br\/index.php\/wp-json\/wp\/v2\/categories?post=1071"},{"taxonomy":"post_tag","embeddable":true,"href":"https:\/\/blog.univicosa.com.br\/index.php\/wp-json\/wp\/v2\/tags?post=1071"}],"curies":[{"name":"wp","href":"https:\/\/api.w.org\/{rel}","templated":true}]}}