{"id":1060,"date":"2021-08-03T16:53:05","date_gmt":"2021-08-03T19:53:05","guid":{"rendered":"https:\/\/blog.univicosa.com.br\/?p=1060"},"modified":"2021-08-03T16:53:05","modified_gmt":"2021-08-03T19:53:05","slug":"o-papel-do-farmaceutico-nos-cuidados-e-combate-a-covid-19","status":"publish","type":"post","link":"https:\/\/blog.univicosa.com.br\/index.php\/2021\/08\/03\/o-papel-do-farmaceutico-nos-cuidados-e-combate-a-covid-19\/","title":{"rendered":"O papel do farmac\u00eautico nos cuidados e combate \u00e0 COVID-19"},"content":{"rendered":"\n<figure class=\"wp-block-image size-large\"><img data-attachment-id=\"2285\" data-permalink=\"https:\/\/blog.univicosa.com.br\/index.php\/2021\/08\/03\/o-papel-do-farmaceutico-nos-cuidados-e-combate-a-covid-19\/papel-do-farmaceutivo-blog\/\" data-orig-file=\"https:\/\/blog.univicosa.com.br\/wp-content\/uploads\/2021\/08\/papel-do-farmaceutivo-blog.png\" data-orig-size=\"1024,576\" data-comments-opened=\"1\" data-image-meta=\"{&quot;aperture&quot;:&quot;0&quot;,&quot;credit&quot;:&quot;&quot;,&quot;camera&quot;:&quot;&quot;,&quot;caption&quot;:&quot;&quot;,&quot;created_timestamp&quot;:&quot;0&quot;,&quot;copyright&quot;:&quot;&quot;,&quot;focal_length&quot;:&quot;0&quot;,&quot;iso&quot;:&quot;0&quot;,&quot;shutter_speed&quot;:&quot;0&quot;,&quot;title&quot;:&quot;&quot;,&quot;orientation&quot;:&quot;0&quot;}\" data-image-title=\"papel-do-farmaceutivo-blog\" data-image-description=\"\" data-medium-file=\"https:\/\/blog.univicosa.com.br\/wp-content\/uploads\/2021\/08\/papel-do-farmaceutivo-blog-300x169.png\" data-large-file=\"https:\/\/blog.univicosa.com.br\/wp-content\/uploads\/2021\/08\/papel-do-farmaceutivo-blog.png\" loading=\"lazy\" width=\"1024\" height=\"576\" src=\"https:\/\/blog.univicosa.com.br\/wp-content\/uploads\/2021\/08\/papel-do-farmaceutivo-blog.png\" alt=\"\" class=\"wp-image-2285\" srcset=\"https:\/\/blog.univicosa.com.br\/wp-content\/uploads\/2021\/08\/papel-do-farmaceutivo-blog.png 1024w, https:\/\/blog.univicosa.com.br\/wp-content\/uploads\/2021\/08\/papel-do-farmaceutivo-blog-300x169.png 300w, https:\/\/blog.univicosa.com.br\/wp-content\/uploads\/2021\/08\/papel-do-farmaceutivo-blog-768x432.png 768w, https:\/\/blog.univicosa.com.br\/wp-content\/uploads\/2021\/08\/papel-do-farmaceutivo-blog-850x478.png 850w\" sizes=\"(max-width: 1024px) 100vw, 1024px\" \/><\/figure>\n\n\n\n<p><em>O <strong>novo coronav\u00edrus<\/strong> vem desencadeando uma <strong>s\u00e9rie de preocupa\u00e7\u00f5es<\/strong> e <strong>incertezas <\/strong>quanto \u00e0 <strong>dissemina\u00e7\u00e3o <\/strong>e <strong>cura<\/strong>.<\/em> <em>Por isto, <strong>profissionais <\/strong>da <strong>sa\u00fade <\/strong>v\u00eam trabalhando constantemente para trazer <strong>solu\u00e7\u00f5es <\/strong>eficazes.<\/em><\/p>\n\n\n\n<p>Segundo a <strong>Organiza\u00e7\u00e3o Mundial da Sa\u00fade<\/strong> (OMS), o novo <strong>coronav\u00edrus <\/strong>j\u00e1 causou a <strong>morte <\/strong>de<strong> milh\u00f5es de pessoas <\/strong>em todo o <strong>mundo <\/strong>desde o seu surgimento, no <strong>final de 2019<\/strong>. Os profissionais da <strong>sa\u00fade <\/strong>est\u00e3o trabalhando arduamente para <strong>amenizar <\/strong>os <strong>impactos causados <\/strong>pela <strong>doen\u00e7a<\/strong>.<\/p>\n\n\n\n<p>Contudo, em<strong> muitos casos<\/strong>, o n\u00famero de <strong>infectados <\/strong>pode ser <strong>superior <\/strong>ao n\u00famero que o<strong> sistema de sa\u00fade<\/strong> <strong>mundial <\/strong>pode <strong>comportar<\/strong>. Por isto, os <strong>alertas e recomenda\u00e7\u00f5es<\/strong> dos<strong> \u00f3rg\u00e3os respons\u00e1veis <\/strong>s\u00e3o cada vez mais <strong>necess\u00e1rios <\/strong>e <strong>restritivos<\/strong>, visto que, para al\u00e9m dos <strong>idosos<\/strong>, que representam um grupo de risco, constatou-se que a <strong>doen\u00e7a <\/strong>tamb\u00e9m pode ser fatal para os <strong>mais jovens<\/strong>.<\/p>\n\n\n\n<h2>Atua\u00e7\u00e3o do farmac\u00eautico no combate \u00e0 COVID-19<\/h2>\n\n\n\n<p>Dentre os <strong>profissionais de sa\u00fade<\/strong>, os <strong>farmac\u00eauticos<\/strong>, que tamb\u00e9m atuam na <strong>linha de frente<\/strong>, possuem um papel <strong>indispens\u00e1vel <\/strong>no uso racional de <strong>medicamentos<\/strong>, principalmente <strong>durante <\/strong>este <strong>per\u00edodo <\/strong>de <strong>escassez medicamentosa <\/strong>que a crise da COVID-19 vem causando.<br><\/p>\n\n\n\n<figure class=\"wp-block-image\"><img src=\"https:\/\/s2.glbimg.com\/JYaY5xndSKEfLM6OzUPxwDM01rY=\/0x0:620x400\/984x0\/smart\/filters:strip_icc()\/i.s3.glbimg.com\/v1\/AUTH_59edd422c0c84a879bd37670ae4f538a\/internal_photos\/bs\/2020\/S\/D\/O5ZUJZQUiJO9wVQZnFvw\/foto01.jpg\" alt=\"Alunas do curso de Farm\u00e1cia do Centro Universit\u00e1rio de Vi\u00e7osa em um dos Laborat\u00f3rios da Institui\u00e7\u00e3o  \u2014 Foto: AsCom\/Univi\u00e7osa\"\/><figcaption> Alunas do curso de Farm\u00e1cia do Centro Universit\u00e1rio de Vi\u00e7osa em um dos Laborat\u00f3rios da Institui\u00e7\u00e3o \u2014 Foto: AsCom\/Univi\u00e7osa <\/figcaption><\/figure>\n\n\n\n<p>Al\u00e9m disso, atuando em<strong> conjunto<\/strong> com uma <strong>equipe multidisciplinar<\/strong>, s\u00e3o os profissionais <strong>respons\u00e1veis <\/strong>por adotar pr\u00e1ticas de <strong>dispensa\u00e7\u00e3o segura <\/strong>de <strong>medicamentos <\/strong>e <strong>otimiza\u00e7\u00e3o <\/strong>da <strong>farmacoterapia<\/strong>, a fim de garantir <strong>seguran\u00e7a<\/strong>, <strong>sa\u00fade<\/strong>, <strong>qualidade <\/strong>de <strong>vida <\/strong>e <strong>efetividade <\/strong>no <strong>tratamento <\/strong>do paciente.<\/p>\n\n\n\n<h2>Uso de medicamentos controlados<\/h2>\n\n\n\n<p>A professora do curso de <strong>Farm\u00e1cia <\/strong>do Centro Universit\u00e1rio de Vi\u00e7osa \u2013 UNIVI\u00c7OSA, <strong>Grasielle Gusman<\/strong>, explica que para os <strong>pacientes <\/strong>que fazem o <strong>uso cont\u00ednuo de medicamentos<\/strong>, como os <strong>hipertensos, diab\u00e9ticos e asm\u00e1ticos<\/strong>, o <strong>tratamento n\u00e3o deve ser interrompido <\/strong>ou modificado sem a autoriza\u00e7\u00e3o e orienta\u00e7\u00e3o do m\u00e9dico respons\u00e1vel.<br><\/p>\n\n\n\n<figure class=\"wp-block-image\"><img src=\"https:\/\/s2.glbimg.com\/bHf5vf7XyuQ1eFyFCowI0FQLK4A=\/0x0:620x400\/984x0\/smart\/filters:strip_icc()\/i.s3.glbimg.com\/v1\/AUTH_59edd422c0c84a879bd37670ae4f538a\/internal_photos\/bs\/2020\/w\/c\/BLe08bQQWNMybECj606A\/foto02.jpg\" alt=\"A FarmaUni \u00e9 a Farm\u00e1cia Escola da Univi\u00e7osa, localizada \u00e0 Avenida Maria de Paula Santana, n\u00ba3815, Silvestre - Vi\u00e7osa\/MG \u2014 Foto: AsCom\/Univi\u00e7osa\"\/><\/figure>\n\n\n\n<p>Enquanto <strong>durar <\/strong>a <strong>pandemia <\/strong>do novo <strong>coronav\u00edrus<\/strong>, o <strong>Conselho Federal de Medicina <\/strong>(CFM) permitiu o funcionamento do <strong>telemonitoramento <\/strong>e <strong>teleconsulta <\/strong>em <strong>car\u00e1ter excepcional<\/strong>. Por isso, converse com o seu <strong>m\u00e9dico <\/strong>sobre a possibilidade de estabelecer uma<strong> rotina virtual<\/strong>.<\/p>\n\n\n\n<h2>Estabelecimentos farmac\u00eauticos: ambientes informativos e prescritivos<\/h2>\n\n\n\n<p>A fim de <strong>colaborar <\/strong>com o <strong>combate <\/strong>ao <strong>v\u00edrus <\/strong>a <strong>n\u00edvel mundial,<\/strong> a <strong>OMS <\/strong>solicitou que os <strong>l\u00edderes pol\u00edticos<\/strong> estabele\u00e7am <strong>medidas restritivas <\/strong>e <strong>preventivas<\/strong>. Uma delas foi o <strong>fechamento parcial ou completo <\/strong>de <strong>estabelecimentos <\/strong>que vendam itens <strong>n\u00e3o essenciais \u00e0 sobreviv\u00eancia<\/strong>, j\u00e1 estabelecimentos que vendam, por exemplo, <strong>rem\u00e9dios, alimenta\u00e7\u00e3o e itens de higiene<\/strong>, est\u00e3o autorizados a <strong>funcionar<\/strong>. Portanto, durante esta crise, os <strong>estabelecimentos farmac\u00eauticos s\u00e3o autorizados<\/strong> a <strong>abrir <\/strong>para que pacientes que fazem uso de <strong>medicamentos cont\u00ednuos<\/strong> ou que necessitem de algum rem\u00e9dio espec\u00edfico <strong>n\u00e3o sejam prejudicados.<\/strong><\/p>\n\n\n\n<p>A <strong>gestora <\/strong>do curso de <strong>Farm\u00e1cia <\/strong>da Univi\u00e7osa, professora <strong>Adriana Patarroyo<\/strong>, orienta sobre o quanto estes<strong> estabelecimentos<\/strong> podem <strong>informar <\/strong>e <strong>refor\u00e7ar <\/strong>\u00e0 popula\u00e7\u00e3o sobre os<strong> cuidados que devem ser tomados durante a pandemia<\/strong>, al\u00e9m de <strong>alertar <\/strong>sobre os <strong>riscos da automedica\u00e7\u00e3o<\/strong>: \u201c<em>por mais inofensivo que aparenta ser, qualquer medicamento pode desencadear rea\u00e7\u00f5es graves e indesej\u00e1veis ao nosso corpo<\/em>\u201d. Adriana conclui afirmando que as orienta\u00e7\u00f5es farmac\u00eauticas atuam como <strong>ferramentas essenciais <\/strong>para <strong>diminuir <\/strong>os <strong>riscos advindos do uso inadequado de medicamentos.<\/strong><\/p>\n\n\n\n<p><em><a href=\"https:\/\/univicosa.apprbs.com.br\/blog\/\">Ei, quer receber\u00a0<strong>conte\u00fados exclusivos\u00a0<\/strong>da\u00a0<strong>Univi\u00e7osa<\/strong>? Como: blog posts, dicas para arrasar no\u00a0<strong>vestibular<\/strong>, dicas para conseguir o\u00a0<strong>emprego<\/strong>\u00a0dos sonhos, dicas para arrasar nos\u00a0<strong>estudos<\/strong>, dicas de\u00a0<strong>eventos\u00a0<\/strong>e muito mais?\u00a0<strong>Clique aqui!<\/strong><\/a><\/em><\/p>\n\n\n\n<figure class=\"wp-block-image size-large is-resized\"><img data-attachment-id=\"2287\" data-permalink=\"https:\/\/blog.univicosa.com.br\/index.php\/2021\/08\/03\/o-papel-do-farmaceutico-nos-cuidados-e-combate-a-covid-19\/dia-internacional-do-farmaceutico-como-seria-um-mundo-sem-esses-profissionais\/\" data-orig-file=\"https:\/\/blog.univicosa.com.br\/wp-content\/uploads\/2021\/08\/dia-internacional-do-farmaceutico-como-seria-um-mundo-sem-esses-profissionais.jpg\" data-orig-size=\"960,636\" data-comments-opened=\"1\" data-image-meta=\"{&quot;aperture&quot;:&quot;0&quot;,&quot;credit&quot;:&quot;&quot;,&quot;camera&quot;:&quot;&quot;,&quot;caption&quot;:&quot;&quot;,&quot;created_timestamp&quot;:&quot;0&quot;,&quot;copyright&quot;:&quot;&quot;,&quot;focal_length&quot;:&quot;0&quot;,&quot;iso&quot;:&quot;0&quot;,&quot;shutter_speed&quot;:&quot;0&quot;,&quot;title&quot;:&quot;&quot;,&quot;orientation&quot;:&quot;0&quot;}\" data-image-title=\"dia-internacional-do-farmaceutico-como-seria-um-mundo-sem-esses-profissionais\" data-image-description=\"\" data-medium-file=\"https:\/\/blog.univicosa.com.br\/wp-content\/uploads\/2021\/08\/dia-internacional-do-farmaceutico-como-seria-um-mundo-sem-esses-profissionais-300x199.jpg\" data-large-file=\"https:\/\/blog.univicosa.com.br\/wp-content\/uploads\/2021\/08\/dia-internacional-do-farmaceutico-como-seria-um-mundo-sem-esses-profissionais.jpg\" loading=\"lazy\" src=\"https:\/\/blog.univicosa.com.br\/wp-content\/uploads\/2021\/08\/dia-internacional-do-farmaceutico-como-seria-um-mundo-sem-esses-profissionais.jpg\" alt=\"\" class=\"wp-image-2287\" width=\"535\" height=\"354\" srcset=\"https:\/\/blog.univicosa.com.br\/wp-content\/uploads\/2021\/08\/dia-internacional-do-farmaceutico-como-seria-um-mundo-sem-esses-profissionais.jpg 960w, https:\/\/blog.univicosa.com.br\/wp-content\/uploads\/2021\/08\/dia-internacional-do-farmaceutico-como-seria-um-mundo-sem-esses-profissionais-300x199.jpg 300w, https:\/\/blog.univicosa.com.br\/wp-content\/uploads\/2021\/08\/dia-internacional-do-farmaceutico-como-seria-um-mundo-sem-esses-profissionais-768x509.jpg 768w, https:\/\/blog.univicosa.com.br\/wp-content\/uploads\/2021\/08\/dia-internacional-do-farmaceutico-como-seria-um-mundo-sem-esses-profissionais-850x563.jpg 850w\" sizes=\"(max-width: 535px) 100vw, 535px\" \/><\/figure>\n\n\n\n<h2>Saiba mais sobre a profiss\u00e3o do farmac\u00eautico<\/h2>\n\n\n\n<p>Uma das <strong>mais antigas atividades<\/strong> do <strong>ser humano <\/strong>\u00e9 a de <strong>buscar<\/strong>, principalmente entre as plantas, a <strong>cura de doen\u00e7as<\/strong>. Partindo da\u00ed, milhares de anos depois, o homem chegou \u00e0 <strong>profiss\u00e3o farmac\u00eautica<\/strong>, que se tornou uma das profiss\u00f5es mais promissoras de todo o mundo. <strong>As especialidades farmac\u00eauticas s\u00e3o agrupadas em dez linhas de atua\u00e7\u00e3o:<\/strong> alimentos; an\u00e1lises cl\u00ednico laboratoriais; educa\u00e7\u00e3o; farm\u00e1cia; farm\u00e1cia hospitalar e cl\u00ednica; farm\u00e1cia industrial; gest\u00e3o; pr\u00e1ticas integrativas e complementares; sa\u00fade p\u00fablica e toxicologia. Segundo o<strong> Conselho Federal de Farm\u00e1cia<\/strong> (CFF), o profissional pode atuar dentre as <strong>135 especialidades que a \u00e1rea oferece.<\/strong><\/p>\n\n\n\n<p>O <strong>farmac\u00eautico <\/strong>tem um processo de <strong>forma\u00e7\u00e3o acad\u00eamica ecl\u00e9tico<\/strong>. Fisiologia, farmacologia, toxicologia, an\u00e1lises cl\u00ednicas, tecnologia farmac\u00eautica, farm\u00e1cia cl\u00ednica, qu\u00edmica org\u00e2nica e inorg\u00e2nica, bioqu\u00edmica e f\u00edsico-qu\u00edmica s\u00e3o <strong>exemplos <\/strong>da <strong>diversidade <\/strong>de<strong> assuntos formativos<\/strong>. Al\u00e9m disso, a <strong>gradua\u00e7\u00e3o <\/strong>do curso de <strong>Farm\u00e1cia <\/strong>possui muitas atividades <strong>pr\u00e1ticas laboratoriais<\/strong> que sedimentam e complementam as informa\u00e7\u00f5es das diversas disciplinas realizadas.<\/p>\n\n\n\n<p>A <strong>Univi\u00e7osa <\/strong>prop\u00f5e-se a <strong>formar farmac\u00eauticos <\/strong>com princ\u00edpios<strong> \u00e9ticos e cient\u00edficos<\/strong> capacitando para o trabalho em<strong> diferentes n\u00edveis de complexidade<\/strong> do <strong>sistema de sa\u00fade,<\/strong> por meio de a\u00e7\u00f5es de preven\u00e7\u00e3o de doen\u00e7as, de promo\u00e7\u00e3o, prote\u00e7\u00e3o e recupera\u00e7\u00e3o da sa\u00fade, articulada com aspectos sociais, pol\u00edticos e <strong>econ\u00f4micos<\/strong>.<\/p>\n\n\n\n<p><a href=\"https:\/\/www.univicosa.com.br\/graduacao\/cursos\/farmacia\">Curtiu e quer saber mais sobre o curso de&nbsp;<strong>Farm\u00e1cia&nbsp;<\/strong>da&nbsp;<strong>UNIVI\u00c7OSA<\/strong>? Ent\u00e3o acesse o site da Univi\u00e7osa, clique aqui!<\/a><\/p>\n\n\n\n<p><a href=\"https:\/\/blog.univicosa.com.br\/index.php\/2021\/05\/05\/a-importancia-da-boa-alimentacao-na-prevencao-do-coronavirus\/\">A import\u00e2ncia da boa alimenta\u00e7\u00e3o na preven\u00e7\u00e3o do coronav\u00edrus<\/a><\/p>\n\n\n\n<p><a href=\"https:\/\/blog.univicosa.com.br\/index.php\/2021\/04\/14\/automedicacao-riscos-e-o-papel-do-farmaceutico\/\">Automedica\u00e7\u00e3o: Riscos e o papel do farmac\u00eautico<\/a><\/p>\n\n\n\n<p><a href=\"https:\/\/blog.univicosa.com.br\/index.php\/2021\/05\/25\/saiba-tudo-sobre-plantas-medicinais-e-os-seus-beneficios\/\">Saiba tudo sobre plantas medicinais e os seus benef\u00edcios!<\/a><\/p>\n\n\n\n<p><a href=\"https:\/\/blog.univicosa.com.br\/index.php\/2021\/05\/24\/escolher-o-curso-e-a-instituicao-certa-vai-determinar-o-seu-futuro\/\">Escolher o curso e a Institui\u00e7\u00e3o certa vai determinar o seu futuro!<\/a><\/p>\n\n\n\n<p><a href=\"https:\/\/blog.univicosa.com.br\/index.php\/2020\/04\/29\/guia-de-organizacao-no-home-office-dicas-deixar-o-seu-ambiente-mais-produtivo\/\">Guia de organiza\u00e7\u00e3o: dicas para deixar seu ambiente de estudos mais produtivo!<\/a><\/p>\n\n\n\n<p><a href=\"https:\/\/blog.univicosa.com.br\/index.php\/2021\/06\/22\/6-dicas-simples-de-como-fazer-um-mapa-mental-e-mandar-bem-nos-estudos\/\">6 dicas simples de como fazer um MAPA MENTAL e mandar bem nos estudos<\/a><\/p>\n\n\n\n<p><a href=\"https:\/\/blog.univicosa.com.br\/index.php\/2021\/06\/15\/10-passos-para-ter-um-perfil-mais-relevante-no-linkedin\/\">10 passos para ter um perfil mais relevante no LinkedIn!<\/a> <\/p>\n\n\n\n<p><\/p>\n","protected":false},"excerpt":{"rendered":"<p>O novo coronav\u00edrus vem desencadeando uma s\u00e9rie de preocupa\u00e7\u00f5es e incertezas quanto \u00e0 dissemina\u00e7\u00e3o e cura. Por isto, profissionais da sa\u00fade v\u00eam trabalhando constantemente para trazer solu\u00e7\u00f5es eficazes. Segundo a Organiza\u00e7\u00e3o Mundial da Sa\u00fade (OMS), o novo coronav\u00edrus j\u00e1 causou a morte de milh\u00f5es de pessoas em todo o mundo desde o seu surgimento, no&#8230;<\/p>\n","protected":false},"author":2,"featured_media":2285,"comment_status":"open","ping_status":"open","sticky":false,"template":"","format":"standard","meta":{"spay_email":""},"categories":[41,16,1],"tags":[661,662,72,46,73,51,60,95,330,660,96,50,93],"jetpack_featured_media_url":"https:\/\/blog.univicosa.com.br\/wp-content\/uploads\/2021\/08\/papel-do-farmaceutivo-blog.png","jetpack_shortlink":"https:\/\/wp.me\/pbcCKk-h6","_links":{"self":[{"href":"https:\/\/blog.univicosa.com.br\/index.php\/wp-json\/wp\/v2\/posts\/1060"}],"collection":[{"href":"https:\/\/blog.univicosa.com.br\/index.php\/wp-json\/wp\/v2\/posts"}],"about":[{"href":"https:\/\/blog.univicosa.com.br\/index.php\/wp-json\/wp\/v2\/types\/post"}],"author":[{"embeddable":true,"href":"https:\/\/blog.univicosa.com.br\/index.php\/wp-json\/wp\/v2\/users\/2"}],"replies":[{"embeddable":true,"href":"https:\/\/blog.univicosa.com.br\/index.php\/wp-json\/wp\/v2\/comments?post=1060"}],"version-history":[{"count":2,"href":"https:\/\/blog.univicosa.com.br\/index.php\/wp-json\/wp\/v2\/posts\/1060\/revisions"}],"predecessor-version":[{"id":2288,"href":"https:\/\/blog.univicosa.com.br\/index.php\/wp-json\/wp\/v2\/posts\/1060\/revisions\/2288"}],"wp:featuredmedia":[{"embeddable":true,"href":"https:\/\/blog.univicosa.com.br\/index.php\/wp-json\/wp\/v2\/media\/2285"}],"wp:attachment":[{"href":"https:\/\/blog.univicosa.com.br\/index.php\/wp-json\/wp\/v2\/media?parent=1060"}],"wp:term":[{"taxonomy":"category","embeddable":true,"href":"https:\/\/blog.univicosa.com.br\/index.php\/wp-json\/wp\/v2\/categories?post=1060"},{"taxonomy":"post_tag","embeddable":true,"href":"https:\/\/blog.univicosa.com.br\/index.php\/wp-json\/wp\/v2\/tags?post=1060"}],"curies":[{"name":"wp","href":"https:\/\/api.w.org\/{rel}","templated":true}]}}