{"id":1053,"date":"2020-04-13T16:41:00","date_gmt":"2020-04-13T19:41:00","guid":{"rendered":"https:\/\/blog.univicosa.com.br\/?p=1053"},"modified":"2020-04-13T16:41:00","modified_gmt":"2020-04-13T19:41:00","slug":"coronavirus-as-criancas-tambem-precisam-saber","status":"publish","type":"post","link":"https:\/\/blog.univicosa.com.br\/index.php\/2020\/04\/13\/coronavirus-as-criancas-tambem-precisam-saber\/","title":{"rendered":"Coronav\u00edrus: as crian\u00e7as tamb\u00e9m precisam saber"},"content":{"rendered":"\n<p><em>Em meio a uma realidade desafiadora e dados alarmantes, as crian\u00e7as tamb\u00e9m precisam estar cientes do cen\u00e1rio atual para que possam se proteger<\/em><\/p>\n\n\n\n<p>Atualmente, no contexto da COVID-19, h\u00e1 pais que preferem que as crian\u00e7as n\u00e3o saibam sobre o cen\u00e1rio atual da pandemia para n\u00e3o gerar p\u00e2nico. Contudo, \u00e9 preciso que elas saibam sobre os sintomas, maneiras de evitar a contamina\u00e7\u00e3o e os reais motivos pelos quais foram desvinculados de suas rotinas escolares e atividades com os amigos.<\/p>\n\n\n\n<p>Isso porque, al\u00e9m de crian\u00e7as tamb\u00e9m precisarem de preven\u00e7\u00e3o, est\u00e3o constantemente em contato com outras pessoas \u2013 respons\u00e1veis, av\u00f3s, bab\u00e1s \u2013 podendo colocar vidas em risco.<\/p>\n\n\n\n<figure class=\"wp-block-image\"><img data-attachment-id=\"1054\" data-permalink=\"https:\/\/blog.univicosa.com.br\/index.php\/2020\/04\/13\/coronavirus-as-criancas-tambem-precisam-saber\/foto-da-materia-as-criancas-tambem-precisam-saber\/\" data-orig-file=\"https:\/\/blog.univicosa.com.br\/wp-content\/uploads\/2020\/04\/foto-da-materia-as-criancas-tambem-precisam-saber.jpg\" data-orig-size=\"1000,645\" data-comments-opened=\"1\" data-image-meta=\"{&quot;aperture&quot;:&quot;0&quot;,&quot;credit&quot;:&quot;&quot;,&quot;camera&quot;:&quot;&quot;,&quot;caption&quot;:&quot;&quot;,&quot;created_timestamp&quot;:&quot;0&quot;,&quot;copyright&quot;:&quot;&quot;,&quot;focal_length&quot;:&quot;0&quot;,&quot;iso&quot;:&quot;0&quot;,&quot;shutter_speed&quot;:&quot;0&quot;,&quot;title&quot;:&quot;&quot;,&quot;orientation&quot;:&quot;0&quot;}\" data-image-title=\"foto-da-materia-as-criancas-tambem-precisam-saber\" data-image-description=\"\" data-medium-file=\"https:\/\/blog.univicosa.com.br\/wp-content\/uploads\/2020\/04\/foto-da-materia-as-criancas-tambem-precisam-saber-300x194.jpg\" data-large-file=\"https:\/\/blog.univicosa.com.br\/wp-content\/uploads\/2020\/04\/foto-da-materia-as-criancas-tambem-precisam-saber.jpg\" loading=\"lazy\" width=\"1000\" height=\"645\" src=\"https:\/\/blog.univicosa.com.br\/wp-content\/uploads\/2020\/04\/foto-da-materia-as-criancas-tambem-precisam-saber.jpg\" alt=\"\" class=\"wp-image-1054\" srcset=\"https:\/\/blog.univicosa.com.br\/wp-content\/uploads\/2020\/04\/foto-da-materia-as-criancas-tambem-precisam-saber.jpg 1000w, https:\/\/blog.univicosa.com.br\/wp-content\/uploads\/2020\/04\/foto-da-materia-as-criancas-tambem-precisam-saber-300x194.jpg 300w, https:\/\/blog.univicosa.com.br\/wp-content\/uploads\/2020\/04\/foto-da-materia-as-criancas-tambem-precisam-saber-768x495.jpg 768w, https:\/\/blog.univicosa.com.br\/wp-content\/uploads\/2020\/04\/foto-da-materia-as-criancas-tambem-precisam-saber-465x300.jpg 465w\" sizes=\"(max-width: 1000px) 100vw, 1000px\" \/><\/figure>\n\n\n\n<p><strong>N\u00e3o s\u00e3o f\u00e9rias!<\/strong><\/p>\n\n\n\n<p>Os pais precisam fazer bom uso da ludicidade para atualizar seus filhos sobre a nova pandemia que circunda pelo mundo, para que eles possam entender a gravidade da situa\u00e7\u00e3o e as necess\u00e1rias interrup\u00e7\u00f5es em programa\u00e7\u00f5es e atividades essenciais de suas vidas, como a rotina escolar.<\/p>\n\n\n\n<p>Nesse sentido, torna-se importante salientar que n\u00e3o se trata de f\u00e9rias, mas sim o respeito \u00e0s medidas preventivas exigidas por \u00f3rg\u00e3os mundiais e locais de sa\u00fade para que a situa\u00e7\u00e3o alarmante cesse o mais r\u00e1pido poss\u00edvel.<\/p>\n\n\n\n<p>Especialistas recomendam que os pais criem uma rotina durante o per\u00edodo de quarentena em casa, incentivando as crian\u00e7as a terem hora para dormir, acordar, se alimentar e estudar. De alguma forma, elas precisam se manter produtivas, atualizadas e sintonizadas ao que vinham estudando na escola, para que a retomada da rotina n\u00e3o gere grandes problemas.<\/p>\n\n\n\n<p><strong>Quarentena com as crian\u00e7as: o que fazer<\/strong><\/p>\n\n\n\n<p>O per\u00edodo em casa com as crian\u00e7as pode despertar a criatividade com atividades l\u00fadicas, promover o estreitamento de rela\u00e7\u00f5es interpessoais e o ensino de li\u00e7\u00f5es essenciais de prote\u00e7\u00e3o ao mundo, como: lavar as m\u00e3os \u00e9 uma das formas de proteger a si e aos indiv\u00edduos que com os quais se convive.<\/p>\n\n\n\n<p>Estabelecendo conversas peri\u00f3dicas, sinceras e construtivas sobre a real situa\u00e7\u00e3o e a necessidade da uni\u00e3o, da solidariedade e de medidas de preven\u00e7\u00e3o, mais conscientes e propagadoras de informa\u00e7\u00f5es \u00fateis elas ser\u00e3o.<\/p>\n\n\n\n<p>Pelas redes sociais, como o Instagram, profissionais da sa\u00fade deram uma dica de uma atividade l\u00fadica para explicar \u00e0s crian\u00e7as como as medidas de preven\u00e7\u00e3o podem evitar a dissemina\u00e7\u00e3o do v\u00edrus de forma efetiva:<\/p>\n\n\n\n<ol><li>Pegue dois recipientes e coloque \u00e1gua;<\/li><li>Em um deles, insira algum tempero, como or\u00e9gano ou pimenta do reino;<\/li><li>No outro, insira sabonete l\u00edquido;<\/li><li>Diga \u00e0 crian\u00e7a que o tempero representa o v\u00edrus e o recipiente, o planeta;<\/li><li>Pe\u00e7a que ela coloque o dedo no recipiente que cont\u00e9m tempero. Ao retir\u00e1-lo, parte do tempero estar\u00e1 grudado em seu dedo. Dessa forma, se se tratasse de uma situa\u00e7\u00e3o real, o v\u00edrus estaria em seu corpo;<\/li><li>Pe\u00e7a \u00e0 crian\u00e7a que coloque o dedo na \u00e1gua com sab\u00e3o e volte a colocar no recipiente que cont\u00e9m tempero. Os componentes do sab\u00e3o ir\u00e3o repelir o tempero e a crian\u00e7a ver\u00e1 a efic\u00e1cia da limpeza e higieniza\u00e7\u00e3o das m\u00e3os na pr\u00e1tica.<\/li><\/ol>\n\n\n\n<p>Assim, a quarentena permite: estreitamento de la\u00e7os fraternais e familiares, aprimoramento de atividades l\u00fadicas e did\u00e1ticas, desenvolvimento da criatividade, sess\u00f5es de cinema em casa, acompanhamento das tarefas escolares, entre outras atividades.<\/p>\n\n\n\n<p><strong>Protegendo a crian\u00e7a, voc\u00ea protege seus av\u00f3s, pais e demais indiv\u00edduos contra o novo coronav\u00edrus<\/strong><\/p>\n\n\n\n<p>Diferente dos idosos, que tendem a apresentar um quadro cl\u00ednico mais preocupante e uma imunidade mais baixa, a grande maioria das crian\u00e7as podem passar ilesas pelo novo coronav\u00edrus. Mas, alertar \u00e9 indispens\u00e1vel, visto que elas s\u00e3o grandes transmissoras da doen\u00e7a.<\/p>\n\n\n\n<p>Quanto mais elas puderem ficar distantes dos av\u00f3s, de pessoas idosas e daqueles que possuem alguma insufici\u00eancia respirat\u00f3ria, menor a chance de propaga\u00e7\u00e3o.<\/p>\n\n\n\n<p>Assim, aos poucos, as crian\u00e7as ir\u00e3o entendendo que quanto mais cuidarmos uns dos outros, mais r\u00e1pido poderemos voltar \u00e0 nossa rotina normal.<\/p>\n\n\n\n<p><strong>A\u00e7\u00f5es do Centro Universit\u00e1rio de Vi\u00e7osa &#8211; UNIVI\u00c7OSA<\/strong><\/p>\n\n\n\n<p>O curso de Farm\u00e1cia do Centro Universit\u00e1rio de Vi\u00e7osa \u2013 UNIVI\u00c7OSA est\u00e1 produzindo \u00e1lcool em gel para ser distribu\u00eddo por todo o Campus sede e pela Fazendo Escola. Em apenas um dia, foram produzidos cerca de 20 kg.<\/p>\n\n\n\n<p>Durante a atividade de um dos projetos de extens\u00e3o da Institui\u00e7\u00e3o, o Escola na Univi\u00e7osa, a professora respons\u00e1vel, Alessandra de Paula, do curso de Enfermagem, reafirmou os cuidados e formas de preven\u00e7\u00e3o contra o Coronav\u00edrus. O Projeto \u00e9 uma parceria feita com escolas, que atendem alunos a partir do 3\u00ba ano do Ensino Fundamental B\u00e1sico ao 3\u00b0 do M\u00e9dio, para que seus alunos tenham a possibilidade de vivenciar aulas pr\u00e1ticas ministradas por docentes e monitores da UNIVI\u00c7OSA em laborat\u00f3rios da Institui\u00e7\u00e3o. O principal objetivo \u00e9 proporcionar maior aprendizagem, incentiv\u00e1-los a estudar e promover a visualiza\u00e7\u00e3o do que veem nos livros did\u00e1ticos que t\u00eam acesso.<\/p>\n\n\n\n<p>Saiba as outras medidas de preven\u00e7\u00e3o e combate ao novo Coronav\u00edrus que est\u00e3o sendo tomadas pela&nbsp;<a href=\"https:\/\/univicosa.com.br\/uninoticias\/noticias\/univicosa-adota-medidas-preventivas-em-funcao-da-pandemia-da-covid-19\" target=\"_blank\" rel=\"noreferrer noopener\">Univi\u00e7osa<\/a>.<\/p>\n\n\n\n<p><\/p>\n\n\n\n<h2>  <\/h2>\n\n\n\n<p><\/p>\n","protected":false},"excerpt":{"rendered":"<p>Em meio a uma realidade desafiadora e dados alarmantes, as crian\u00e7as tamb\u00e9m precisam estar cientes do cen\u00e1rio atual para que possam se proteger Atualmente, no contexto da COVID-19, h\u00e1 pais que preferem que as crian\u00e7as n\u00e3o saibam sobre o cen\u00e1rio atual da pandemia para n\u00e3o gerar p\u00e2nico. Contudo, \u00e9 preciso que elas saibam sobre os&#8230;<\/p>\n","protected":false},"author":2,"featured_media":0,"comment_status":"open","ping_status":"open","sticky":false,"template":"","format":"standard","meta":{"spay_email":""},"categories":[1],"tags":[],"jetpack_featured_media_url":"","jetpack_shortlink":"https:\/\/wp.me\/pbcCKk-gZ","_links":{"self":[{"href":"https:\/\/blog.univicosa.com.br\/index.php\/wp-json\/wp\/v2\/posts\/1053"}],"collection":[{"href":"https:\/\/blog.univicosa.com.br\/index.php\/wp-json\/wp\/v2\/posts"}],"about":[{"href":"https:\/\/blog.univicosa.com.br\/index.php\/wp-json\/wp\/v2\/types\/post"}],"author":[{"embeddable":true,"href":"https:\/\/blog.univicosa.com.br\/index.php\/wp-json\/wp\/v2\/users\/2"}],"replies":[{"embeddable":true,"href":"https:\/\/blog.univicosa.com.br\/index.php\/wp-json\/wp\/v2\/comments?post=1053"}],"version-history":[{"count":1,"href":"https:\/\/blog.univicosa.com.br\/index.php\/wp-json\/wp\/v2\/posts\/1053\/revisions"}],"predecessor-version":[{"id":1055,"href":"https:\/\/blog.univicosa.com.br\/index.php\/wp-json\/wp\/v2\/posts\/1053\/revisions\/1055"}],"wp:attachment":[{"href":"https:\/\/blog.univicosa.com.br\/index.php\/wp-json\/wp\/v2\/media?parent=1053"}],"wp:term":[{"taxonomy":"category","embeddable":true,"href":"https:\/\/blog.univicosa.com.br\/index.php\/wp-json\/wp\/v2\/categories?post=1053"},{"taxonomy":"post_tag","embeddable":true,"href":"https:\/\/blog.univicosa.com.br\/index.php\/wp-json\/wp\/v2\/tags?post=1053"}],"curies":[{"name":"wp","href":"https:\/\/api.w.org\/{rel}","templated":true}]}}