{"id":1050,"date":"2020-04-13T15:43:08","date_gmt":"2020-04-13T18:43:08","guid":{"rendered":"https:\/\/blog.univicosa.com.br\/?p=1050"},"modified":"2020-04-13T15:43:08","modified_gmt":"2020-04-13T18:43:08","slug":"vozes-que-importam-muito-reflexoes-de-uma-aluna-em-distanciamento-social","status":"publish","type":"post","link":"https:\/\/blog.univicosa.com.br\/index.php\/2020\/04\/13\/vozes-que-importam-muito-reflexoes-de-uma-aluna-em-distanciamento-social\/","title":{"rendered":"Vozes que importam muito: reflex\u00f5es de uma aluna em distanciamento social"},"content":{"rendered":"\n<p style=\"text-align:center\"><em>Enquanto seguimos em nossas casas, trabalhando em conjunto para sentir da menor maneira os impactos resultantes da pandemia, recebemos relatos que nos d\u00e3o mais for\u00e7a para seguir sempre em frente! <\/em><\/p>\n\n\n\n<figure class=\"wp-block-image\"><img data-attachment-id=\"1051\" data-permalink=\"https:\/\/blog.univicosa.com.br\/index.php\/2020\/04\/13\/vozes-que-importam-muito-reflexoes-de-uma-aluna-em-distanciamento-social\/wanessa-pires\/\" data-orig-file=\"https:\/\/blog.univicosa.com.br\/wp-content\/uploads\/2020\/04\/Wanessa-Pires.jpg\" data-orig-size=\"1080,1080\" data-comments-opened=\"1\" data-image-meta=\"{&quot;aperture&quot;:&quot;0&quot;,&quot;credit&quot;:&quot;&quot;,&quot;camera&quot;:&quot;&quot;,&quot;caption&quot;:&quot;&quot;,&quot;created_timestamp&quot;:&quot;0&quot;,&quot;copyright&quot;:&quot;&quot;,&quot;focal_length&quot;:&quot;0&quot;,&quot;iso&quot;:&quot;0&quot;,&quot;shutter_speed&quot;:&quot;0&quot;,&quot;title&quot;:&quot;&quot;,&quot;orientation&quot;:&quot;1&quot;}\" data-image-title=\"Wanessa-Pires\" data-image-description=\"\" data-medium-file=\"https:\/\/blog.univicosa.com.br\/wp-content\/uploads\/2020\/04\/Wanessa-Pires-300x300.jpg\" data-large-file=\"https:\/\/blog.univicosa.com.br\/wp-content\/uploads\/2020\/04\/Wanessa-Pires-1024x1024.jpg\" loading=\"lazy\" width=\"1024\" height=\"1024\" src=\"https:\/\/blog.univicosa.com.br\/wp-content\/uploads\/2020\/04\/Wanessa-Pires-1024x1024.jpg\" alt=\"\" class=\"wp-image-1051\" srcset=\"https:\/\/blog.univicosa.com.br\/wp-content\/uploads\/2020\/04\/Wanessa-Pires-1024x1024.jpg 1024w, https:\/\/blog.univicosa.com.br\/wp-content\/uploads\/2020\/04\/Wanessa-Pires-150x150.jpg 150w, https:\/\/blog.univicosa.com.br\/wp-content\/uploads\/2020\/04\/Wanessa-Pires-300x300.jpg 300w, https:\/\/blog.univicosa.com.br\/wp-content\/uploads\/2020\/04\/Wanessa-Pires-768x768.jpg 768w, https:\/\/blog.univicosa.com.br\/wp-content\/uploads\/2020\/04\/Wanessa-Pires-85x85.jpg 85w, https:\/\/blog.univicosa.com.br\/wp-content\/uploads\/2020\/04\/Wanessa-Pires-1000x1000.jpg 1000w, https:\/\/blog.univicosa.com.br\/wp-content\/uploads\/2020\/04\/Wanessa-Pires.jpg 1080w\" sizes=\"(max-width: 1024px) 100vw, 1024px\" \/><\/figure>\n\n\n\n<p>Vivemos o desconforto de dias dif\u00edceis em todos os \u00e2mbitos, mas falando especialmente de educa\u00e7\u00e3o frente aos desafios apresentados pelo novo&nbsp;coronav\u00edrus&nbsp;(COVID-19), as necessidades de mudan\u00e7a t\u00eam sido imprescind\u00edveis, tanto para ressignificar o papel do graduando em forma\u00e7\u00e3o, como para desenvolver a autorresponsabilidade, sobretudo, a capacidade de aprender a se reinventar frente as exig\u00eancias inerentes a vida e a sua imprevisibilidade.&nbsp;&nbsp;<\/p>\n\n\n\n<p>Os desafios do cen\u00e1rio atual demandam razoabilidade em suas&nbsp;solu\u00e7\u00f5es, sendo assim, a Univi\u00e7osa ao nos oportunizar novas condi\u00e7\u00f5es&nbsp;de comunica\u00e7\u00e3o&nbsp;e de acessibilidade&nbsp;ao ensino&nbsp;por meio de aulas por&nbsp;videoconfer\u00eancia,&nbsp;&nbsp;desperta nossa gratid\u00e3o e autonomia em&nbsp;saber&nbsp;lidar com&nbsp;momentos de incertezas,&nbsp;tornando-nos aptos&nbsp;para os desafios da profiss\u00e3o futura, pois&nbsp;somos&nbsp;despertados para a necessidade de adapta\u00e7\u00e3o&nbsp;e de crescimento&nbsp;em todos os sentidos.&nbsp;<\/p>\n\n\n\n<p>Como futura nutricionista, compreendo que&nbsp;em tempos de distanciamento social&nbsp;principalmente,&nbsp;os cuidados com a sa\u00fade devem ser integrais para prote\u00e7\u00e3o de todos. Assim, agrade\u00e7o&nbsp;\u00e0&nbsp;Univi\u00e7osa, em especial, \u00e0&nbsp;gestora&nbsp;e&nbsp;aos&nbsp;mestres do curso de Nutri\u00e7\u00e3o, pelos cuidados, sobretudo,&nbsp;com a nossa sa\u00fade mental ao nos&nbsp;auxiliar no processo de&nbsp;autorreflex\u00e3o&nbsp;e na busca pelo&nbsp;autoconhecimento, al\u00e9m dos&nbsp;momentos prazerosos&nbsp;e edificantes&nbsp;de aprendizagem &#8211;&nbsp;mesmo \u00e0 dist\u00e2ncia -,&nbsp;fazendo com que compreendamos a import\u00e2ncia de&nbsp;assumirmos uma vis\u00e3o hol\u00edstica tanto da situa\u00e7\u00e3o atual, quanto do nosso&nbsp;pr\u00f3prio&nbsp;ser em sua totalidade.&nbsp;&nbsp;<\/p>\n\n\n\n<p>Gratid\u00e3o \u00e0 <strong>Nutri\u00e7\u00e3o\u00a0Univi\u00e7osa<\/strong>,\u00a0por\u00a0estar conosco nesse\u00a0momento\u00a0incerto\u00a0e de\u00a0consequ\u00eancias\u00a0imprevis\u00edveis,\u00a0onde a certeza que temos \u00e9 que quando essa crise passar, estaremos\u00a0devidamente\u00a0preparados\u00a0para lidar com os desafios da nossa profiss\u00e3o e da vida atrav\u00e9s da educa\u00e7\u00e3o.\u00a0Como j\u00e1 dizia o educador Paulo Freire: \u201cSe a educa\u00e7\u00e3o sozinha n\u00e3o transforma a sociedade, sem ela tampouco a sociedade muda\u201d.\u00a0\u00a0<\/p>\n","protected":false},"excerpt":{"rendered":"<p>Enquanto seguimos em nossas casas, trabalhando em conjunto para sentir da menor maneira os impactos resultantes da pandemia, recebemos relatos que nos d\u00e3o mais for\u00e7a para seguir sempre em frente! Vivemos o desconforto de dias dif\u00edceis em todos os \u00e2mbitos, mas falando especialmente de educa\u00e7\u00e3o frente aos desafios apresentados pelo novo&nbsp;coronav\u00edrus&nbsp;(COVID-19), as necessidades de mudan\u00e7a&#8230;<\/p>\n","protected":false},"author":2,"featured_media":0,"comment_status":"open","ping_status":"open","sticky":false,"template":"","format":"standard","meta":{"spay_email":""},"categories":[1],"tags":[],"jetpack_featured_media_url":"","jetpack_shortlink":"https:\/\/wp.me\/pbcCKk-gW","_links":{"self":[{"href":"https:\/\/blog.univicosa.com.br\/index.php\/wp-json\/wp\/v2\/posts\/1050"}],"collection":[{"href":"https:\/\/blog.univicosa.com.br\/index.php\/wp-json\/wp\/v2\/posts"}],"about":[{"href":"https:\/\/blog.univicosa.com.br\/index.php\/wp-json\/wp\/v2\/types\/post"}],"author":[{"embeddable":true,"href":"https:\/\/blog.univicosa.com.br\/index.php\/wp-json\/wp\/v2\/users\/2"}],"replies":[{"embeddable":true,"href":"https:\/\/blog.univicosa.com.br\/index.php\/wp-json\/wp\/v2\/comments?post=1050"}],"version-history":[{"count":1,"href":"https:\/\/blog.univicosa.com.br\/index.php\/wp-json\/wp\/v2\/posts\/1050\/revisions"}],"predecessor-version":[{"id":1052,"href":"https:\/\/blog.univicosa.com.br\/index.php\/wp-json\/wp\/v2\/posts\/1050\/revisions\/1052"}],"wp:attachment":[{"href":"https:\/\/blog.univicosa.com.br\/index.php\/wp-json\/wp\/v2\/media?parent=1050"}],"wp:term":[{"taxonomy":"category","embeddable":true,"href":"https:\/\/blog.univicosa.com.br\/index.php\/wp-json\/wp\/v2\/categories?post=1050"},{"taxonomy":"post_tag","embeddable":true,"href":"https:\/\/blog.univicosa.com.br\/index.php\/wp-json\/wp\/v2\/tags?post=1050"}],"curies":[{"name":"wp","href":"https:\/\/api.w.org\/{rel}","templated":true}]}}