{"id":1039,"date":"2020-04-08T11:47:50","date_gmt":"2020-04-08T14:47:50","guid":{"rendered":"https:\/\/blog.univicosa.com.br\/?p=1039"},"modified":"2020-04-08T11:47:50","modified_gmt":"2020-04-08T14:47:50","slug":"e-possivel-empreender-e-ter-sucesso-nos-momentos-de-crise-economica","status":"publish","type":"post","link":"https:\/\/blog.univicosa.com.br\/index.php\/2020\/04\/08\/e-possivel-empreender-e-ter-sucesso-nos-momentos-de-crise-economica\/","title":{"rendered":"\u00c9 poss\u00edvel empreender e ter sucesso nos momentos de crise econ\u00f4mica?"},"content":{"rendered":"\n<figure class=\"wp-block-image\"><img data-attachment-id=\"1040\" data-permalink=\"https:\/\/blog.univicosa.com.br\/index.php\/2020\/04\/08\/e-possivel-empreender-e-ter-sucesso-nos-momentos-de-crise-economica\/e885aae3-48eb-45da-86d6-3c5b83f2b51b\/\" data-orig-file=\"https:\/\/blog.univicosa.com.br\/wp-content\/uploads\/2020\/04\/e885aae3-48eb-45da-86d6-3c5b83f2b51b.jpg\" data-orig-size=\"1130,753\" data-comments-opened=\"1\" data-image-meta=\"{&quot;aperture&quot;:&quot;0&quot;,&quot;credit&quot;:&quot;&quot;,&quot;camera&quot;:&quot;&quot;,&quot;caption&quot;:&quot;&quot;,&quot;created_timestamp&quot;:&quot;0&quot;,&quot;copyright&quot;:&quot;&quot;,&quot;focal_length&quot;:&quot;0&quot;,&quot;iso&quot;:&quot;0&quot;,&quot;shutter_speed&quot;:&quot;0&quot;,&quot;title&quot;:&quot;&quot;,&quot;orientation&quot;:&quot;1&quot;}\" data-image-title=\"e885aae3-48eb-45da-86d6-3c5b83f2b51b\" data-image-description=\"\" data-medium-file=\"https:\/\/blog.univicosa.com.br\/wp-content\/uploads\/2020\/04\/e885aae3-48eb-45da-86d6-3c5b83f2b51b-300x200.jpg\" data-large-file=\"https:\/\/blog.univicosa.com.br\/wp-content\/uploads\/2020\/04\/e885aae3-48eb-45da-86d6-3c5b83f2b51b-1024x682.jpg\" loading=\"lazy\" width=\"1024\" height=\"682\" src=\"https:\/\/blog.univicosa.com.br\/wp-content\/uploads\/2020\/04\/e885aae3-48eb-45da-86d6-3c5b83f2b51b-1024x682.jpg\" alt=\"\" class=\"wp-image-1040\" srcset=\"https:\/\/blog.univicosa.com.br\/wp-content\/uploads\/2020\/04\/e885aae3-48eb-45da-86d6-3c5b83f2b51b-1024x682.jpg 1024w, https:\/\/blog.univicosa.com.br\/wp-content\/uploads\/2020\/04\/e885aae3-48eb-45da-86d6-3c5b83f2b51b-300x200.jpg 300w, https:\/\/blog.univicosa.com.br\/wp-content\/uploads\/2020\/04\/e885aae3-48eb-45da-86d6-3c5b83f2b51b-768x512.jpg 768w, https:\/\/blog.univicosa.com.br\/wp-content\/uploads\/2020\/04\/e885aae3-48eb-45da-86d6-3c5b83f2b51b-1000x666.jpg 1000w, https:\/\/blog.univicosa.com.br\/wp-content\/uploads\/2020\/04\/e885aae3-48eb-45da-86d6-3c5b83f2b51b-450x300.jpg 450w, https:\/\/blog.univicosa.com.br\/wp-content\/uploads\/2020\/04\/e885aae3-48eb-45da-86d6-3c5b83f2b51b.jpg 1130w\" sizes=\"(max-width: 1024px) 100vw, 1024px\" \/><\/figure>\n\n\n\n<p>Por Guilherme Castanheira Magalh\u00e3es*<\/p>\n\n\n\n<p>Empreender j\u00e1 n\u00e3o \u00e9 mais considerada uma alternativa ao desemprego. Apesar de existir o empreendedorismo por necessidade, ou seja, pessoas que resolvem empreender por n\u00e3o encontrar op\u00e7\u00f5es no mercado de trabalho, o empreendedorismo j\u00e1 pode ser considerado uma profiss\u00e3o. <\/p>\n\n\n\n<p>Estamos em plena \u201cEra Tecnol\u00f3gica\u201d e os empreendedores de <em>startups <\/em>implantam seus projetos porque detectaram no mercado oportunidades de neg\u00f3cios. Trata-se de um empreendedorismo por convic\u00e7\u00e3o e acontece em qualquer \u00e1rea do conhecimento, cujo objetivo \u00e9 satisfazer as necessidades, principalmente, dessa nova gera\u00e7\u00e3o de consumidores que j\u00e1 est\u00e3o no mercado (Gera\u00e7\u00e3o Z) e aqueles que ainda vir\u00e3o (Gera\u00e7\u00e3o Alfa).<\/p>\n\n\n\n<p><br> As oportunidades de neg\u00f3cios continuam existindo em per\u00edodos de crise econ\u00f4mica. Alguns segmentos da economia passam por dificuldades, mas outros s\u00e3o beneficiados. At\u00e9 mesmo alguns servi\u00e7os ou produtos que ainda n\u00e3o existiam poder\u00e3o aparecer, devido ao surgimento de novas necessidades neste mercado em crise.<\/p>\n\n\n\n<p><br> Estamos vivendo uma crise desencadeada pelo novo coronav\u00edrus (COVID-19). Nesse cen\u00e1rio, o servi\u00e7o de <em>delivery <\/em>ganhou for\u00e7a e muitas empresas que n\u00e3o ofereciam, passaram a ter este servi\u00e7o at\u00e9 mesmo como \u00fanica op\u00e7\u00e3o de venda. Alguns empreendedores conseguem \u201cenxergar\u201d neste e\/ou em outros servi\u00e7os uma oportunidade de expandir o seu neg\u00f3cio. Outros empreendedores conseguem \u201creinventar\u201d o seu neg\u00f3cio e sair mais fortalecido depois da crise.<\/p>\n\n\n\n<p><br> Fato \u00e9 que n\u00e3o existe uma receita de sucesso, nem mesmo nos momentos de crise econ\u00f4mica. Mas, \u00e9 perfeitamente poss\u00edvel empreendedores detectarem na crise uma oportunidade para abrir ou expandir os seus neg\u00f3cios.<\/p>\n\n\n\n<p><br> Acredite, neg\u00f3cios de sucesso podem ser constru\u00eddos por qualquer pessoa e n\u00e3o existe hora para acontecer, pois podem surgir em momentos inesperados.<\/p>\n\n\n\n<p><strong>*Guilherme Castanheira Magalh\u00e3es: Economista, Especialista em Desenvolvimento de Cooperativas, al\u00e9m de Professor de Empreendedorismo e Inova\u00e7\u00e3o da Univi\u00e7osa.<\/strong><\/p>\n","protected":false},"excerpt":{"rendered":"<p>Por Guilherme Castanheira Magalh\u00e3es* Empreender j\u00e1 n\u00e3o \u00e9 mais considerada uma alternativa ao desemprego. Apesar de existir o empreendedorismo por necessidade, ou seja, pessoas que resolvem empreender por n\u00e3o encontrar op\u00e7\u00f5es no mercado de trabalho, o empreendedorismo j\u00e1 pode ser considerado uma profiss\u00e3o. Estamos em plena \u201cEra Tecnol\u00f3gica\u201d e os empreendedores de startups implantam seus&#8230;<\/p>\n","protected":false},"author":2,"featured_media":0,"comment_status":"open","ping_status":"open","sticky":false,"template":"","format":"standard","meta":{"spay_email":""},"categories":[1],"tags":[],"jetpack_featured_media_url":"","jetpack_shortlink":"https:\/\/wp.me\/pbcCKk-gL","_links":{"self":[{"href":"https:\/\/blog.univicosa.com.br\/index.php\/wp-json\/wp\/v2\/posts\/1039"}],"collection":[{"href":"https:\/\/blog.univicosa.com.br\/index.php\/wp-json\/wp\/v2\/posts"}],"about":[{"href":"https:\/\/blog.univicosa.com.br\/index.php\/wp-json\/wp\/v2\/types\/post"}],"author":[{"embeddable":true,"href":"https:\/\/blog.univicosa.com.br\/index.php\/wp-json\/wp\/v2\/users\/2"}],"replies":[{"embeddable":true,"href":"https:\/\/blog.univicosa.com.br\/index.php\/wp-json\/wp\/v2\/comments?post=1039"}],"version-history":[{"count":1,"href":"https:\/\/blog.univicosa.com.br\/index.php\/wp-json\/wp\/v2\/posts\/1039\/revisions"}],"predecessor-version":[{"id":1041,"href":"https:\/\/blog.univicosa.com.br\/index.php\/wp-json\/wp\/v2\/posts\/1039\/revisions\/1041"}],"wp:attachment":[{"href":"https:\/\/blog.univicosa.com.br\/index.php\/wp-json\/wp\/v2\/media?parent=1039"}],"wp:term":[{"taxonomy":"category","embeddable":true,"href":"https:\/\/blog.univicosa.com.br\/index.php\/wp-json\/wp\/v2\/categories?post=1039"},{"taxonomy":"post_tag","embeddable":true,"href":"https:\/\/blog.univicosa.com.br\/index.php\/wp-json\/wp\/v2\/tags?post=1039"}],"curies":[{"name":"wp","href":"https:\/\/api.w.org\/{rel}","templated":true}]}}