{"id":1001,"date":"2019-10-24T11:49:55","date_gmt":"2019-10-24T14:49:55","guid":{"rendered":"https:\/\/blog.univicosa.com.br\/?p=1001"},"modified":"2019-10-24T11:49:55","modified_gmt":"2019-10-24T14:49:55","slug":"prevencao-do-cancer-de-mama","status":"publish","type":"post","link":"https:\/\/blog.univicosa.com.br\/index.php\/2019\/10\/24\/prevencao-do-cancer-de-mama\/","title":{"rendered":"Preven\u00e7\u00e3o do C\u00e2ncer de Mama"},"content":{"rendered":"\n<p>Preparamos um especial para sanar as suas d\u00favidas a respeito da preven\u00e7\u00e3o da doen\u00e7a.<\/p>\n\n\n\n<figure class=\"wp-block-image\"><img data-attachment-id=\"1005\" data-permalink=\"https:\/\/blog.univicosa.com.br\/index.php\/2019\/10\/24\/prevencao-do-cancer-de-mama\/1-3\/\" data-orig-file=\"https:\/\/blog.univicosa.com.br\/wp-content\/uploads\/2019\/10\/1.png\" data-orig-size=\"608,342\" data-comments-opened=\"1\" data-image-meta=\"{&quot;aperture&quot;:&quot;0&quot;,&quot;credit&quot;:&quot;&quot;,&quot;camera&quot;:&quot;&quot;,&quot;caption&quot;:&quot;&quot;,&quot;created_timestamp&quot;:&quot;0&quot;,&quot;copyright&quot;:&quot;&quot;,&quot;focal_length&quot;:&quot;0&quot;,&quot;iso&quot;:&quot;0&quot;,&quot;shutter_speed&quot;:&quot;0&quot;,&quot;title&quot;:&quot;&quot;,&quot;orientation&quot;:&quot;0&quot;}\" data-image-title=\"1\" data-image-description=\"\" data-medium-file=\"https:\/\/blog.univicosa.com.br\/wp-content\/uploads\/2019\/10\/1-300x169.png\" data-large-file=\"https:\/\/blog.univicosa.com.br\/wp-content\/uploads\/2019\/10\/1.png\" loading=\"lazy\" width=\"608\" height=\"342\" src=\"https:\/\/blog.univicosa.com.br\/wp-content\/uploads\/2019\/10\/1.png\" alt=\"\" class=\"wp-image-1005\" srcset=\"https:\/\/blog.univicosa.com.br\/wp-content\/uploads\/2019\/10\/1.png 608w, https:\/\/blog.univicosa.com.br\/wp-content\/uploads\/2019\/10\/1-300x169.png 300w, https:\/\/blog.univicosa.com.br\/wp-content\/uploads\/2019\/10\/1-533x300.png 533w\" sizes=\"(max-width: 608px) 100vw, 608px\" \/><\/figure>\n\n\n\n<p style=\"text-align:center\"><strong>O que \u00e9 o c\u00e2ncer de mama?<\/strong><\/p>\n\n\n\n<p>\u00c9\no nome dado a um grupo tumores que resultam da multiplica\u00e7\u00e3o desorganizada das\nc\u00e9lulas da gl\u00e2ndula mam\u00e1ria.<\/p>\n\n\n\n<p>\u00c9\no tipo de c\u00e2ncer que causa maior \u00edndice de morte entre as mulheres, com\nfrequ\u00eancia de diagn\u00f3stico com idade entre 40 a 60 anos.<\/p>\n\n\n\n<p>Quais s\u00e3o os principais sintomas\ndo c\u00e2ncer de mama?<\/p>\n\n\n\n<p>Em\nsua fase inicial pode n\u00e3o apresentar sintomas, podendo apresentar altera\u00e7\u00f5es\nvis\u00edveis apenas na mamografia.<\/p>\n\n\n\n<p>Com\no desenvolvimento do tumor, pode ocorrer n\u00f3dulos endurecidos; \u00e1rea escurecida\nna mama; sa\u00edda espont\u00e2nea de secre\u00e7\u00e3o do mamilo; altera\u00e7\u00e3o no aspecto da pele\nda mama, que fica mais grossa; podem surgir n\u00f3dulos endurecidos na axila;\nretra\u00e7\u00e3o do mamilo; coceira e feridas na mama; mama enrijecida.<\/p>\n\n\n\n<p>Muitas mulheres associam a dor na mama ao c\u00e2ncer, mas a doen\u00e7a nem sempre vem acompanhada de dor.<\/p>\n\n\n\n<figure class=\"wp-block-image\"><img data-attachment-id=\"1002\" data-permalink=\"https:\/\/blog.univicosa.com.br\/index.php\/2019\/10\/24\/prevencao-do-cancer-de-mama\/hhdhsds\/\" data-orig-file=\"https:\/\/blog.univicosa.com.br\/wp-content\/uploads\/2019\/10\/hhdhsds.png\" data-orig-size=\"630,251\" data-comments-opened=\"1\" data-image-meta=\"{&quot;aperture&quot;:&quot;0&quot;,&quot;credit&quot;:&quot;&quot;,&quot;camera&quot;:&quot;&quot;,&quot;caption&quot;:&quot;&quot;,&quot;created_timestamp&quot;:&quot;0&quot;,&quot;copyright&quot;:&quot;&quot;,&quot;focal_length&quot;:&quot;0&quot;,&quot;iso&quot;:&quot;0&quot;,&quot;shutter_speed&quot;:&quot;0&quot;,&quot;title&quot;:&quot;&quot;,&quot;orientation&quot;:&quot;0&quot;}\" data-image-title=\"hhdhsds\" data-image-description=\"\" data-medium-file=\"https:\/\/blog.univicosa.com.br\/wp-content\/uploads\/2019\/10\/hhdhsds-300x120.png\" data-large-file=\"https:\/\/blog.univicosa.com.br\/wp-content\/uploads\/2019\/10\/hhdhsds.png\" loading=\"lazy\" width=\"630\" height=\"251\" src=\"https:\/\/blog.univicosa.com.br\/wp-content\/uploads\/2019\/10\/hhdhsds.png\" alt=\"\" class=\"wp-image-1002\" srcset=\"https:\/\/blog.univicosa.com.br\/wp-content\/uploads\/2019\/10\/hhdhsds.png 630w, https:\/\/blog.univicosa.com.br\/wp-content\/uploads\/2019\/10\/hhdhsds-300x120.png 300w\" sizes=\"(max-width: 630px) 100vw, 630px\" \/><\/figure>\n\n\n\n<p style=\"text-align:center\"><strong>Import\u00e2ncia do autoexame<\/strong><\/p>\n\n\n\n<p>\u00c9\numa oportunidade da mulher se tocar, conhecer seu corpo. O autoexame de mama\ndeve ser um complemento ao exame cl\u00ednico, realizado por um profissional de\nsa\u00fade treinado, e tamb\u00e9m \u00e0 mamografia.<\/p>\n\n\n\n<p>No\nautoexame s\u00e3o detectados apenas tumores maiores e n\u00e3o deve ser adotada como\nforma \u00fanica de detec\u00e7\u00e3o do c\u00e2ncer de mama, n\u00e3o devendo, assim, ser considerado\num exame preventivo do c\u00e2ncer de mama.<\/p>\n\n\n\n<p>Deve ser realizado uma vez ao m\u00eas, de 5 a 7 dias ap\u00f3s a menstrua\u00e7\u00e3o.<\/p>\n\n\n\n<figure class=\"wp-block-image\"><img data-attachment-id=\"1004\" data-permalink=\"https:\/\/blog.univicosa.com.br\/index.php\/2019\/10\/24\/prevencao-do-cancer-de-mama\/1-1-2\/\" data-orig-file=\"https:\/\/blog.univicosa.com.br\/wp-content\/uploads\/2019\/10\/1-1.jpg\" data-orig-size=\"1146,427\" data-comments-opened=\"1\" data-image-meta=\"{&quot;aperture&quot;:&quot;0&quot;,&quot;credit&quot;:&quot;&quot;,&quot;camera&quot;:&quot;&quot;,&quot;caption&quot;:&quot;&quot;,&quot;created_timestamp&quot;:&quot;0&quot;,&quot;copyright&quot;:&quot;&quot;,&quot;focal_length&quot;:&quot;0&quot;,&quot;iso&quot;:&quot;0&quot;,&quot;shutter_speed&quot;:&quot;0&quot;,&quot;title&quot;:&quot;&quot;,&quot;orientation&quot;:&quot;1&quot;}\" data-image-title=\"1-1\" data-image-description=\"\" data-medium-file=\"https:\/\/blog.univicosa.com.br\/wp-content\/uploads\/2019\/10\/1-1-300x112.jpg\" data-large-file=\"https:\/\/blog.univicosa.com.br\/wp-content\/uploads\/2019\/10\/1-1-1024x382.jpg\" loading=\"lazy\" width=\"1024\" height=\"382\" src=\"https:\/\/blog.univicosa.com.br\/wp-content\/uploads\/2019\/10\/1-1-1024x382.jpg\" alt=\"\" class=\"wp-image-1004\" srcset=\"https:\/\/blog.univicosa.com.br\/wp-content\/uploads\/2019\/10\/1-1-1024x382.jpg 1024w, https:\/\/blog.univicosa.com.br\/wp-content\/uploads\/2019\/10\/1-1-300x112.jpg 300w, https:\/\/blog.univicosa.com.br\/wp-content\/uploads\/2019\/10\/1-1-768x286.jpg 768w, https:\/\/blog.univicosa.com.br\/wp-content\/uploads\/2019\/10\/1-1-1000x373.jpg 1000w, https:\/\/blog.univicosa.com.br\/wp-content\/uploads\/2019\/10\/1-1-800x298.jpg 800w, https:\/\/blog.univicosa.com.br\/wp-content\/uploads\/2019\/10\/1-1.jpg 1146w\" sizes=\"(max-width: 1024px) 100vw, 1024px\" \/><\/figure>\n\n\n\n<p style=\"text-align:center\"><strong>Como diminuir o risco de ter c\u00e2ncer de mama?<\/strong><\/p>\n\n\n\n<p>Manter estilo de vida saud\u00e1vel; tem uma alimenta\u00e7\u00e3o balanceada, rica em vegetais, evitar consumo excessivo de gorduras; manter controle do peso; praticar atividade f\u00edsica regularmente; n\u00e3o fazer uso de fumo e \u00e1lcool e evitar o stress.<\/p>\n\n\n\n<p><\/p>\n","protected":false},"excerpt":{"rendered":"<p>Preparamos um especial para sanar as suas d\u00favidas a respeito da preven\u00e7\u00e3o da doen\u00e7a. O que \u00e9 o c\u00e2ncer de mama? \u00c9 o nome dado a um grupo tumores que resultam da multiplica\u00e7\u00e3o desorganizada das c\u00e9lulas da gl\u00e2ndula mam\u00e1ria. \u00c9 o tipo de c\u00e2ncer que causa maior \u00edndice de morte entre as mulheres, com frequ\u00eancia&#8230;<\/p>\n","protected":false},"author":2,"featured_media":0,"comment_status":"open","ping_status":"open","sticky":false,"template":"","format":"standard","meta":{"spay_email":""},"categories":[1],"tags":[],"jetpack_featured_media_url":"","jetpack_shortlink":"https:\/\/wp.me\/pbcCKk-g9","_links":{"self":[{"href":"https:\/\/blog.univicosa.com.br\/index.php\/wp-json\/wp\/v2\/posts\/1001"}],"collection":[{"href":"https:\/\/blog.univicosa.com.br\/index.php\/wp-json\/wp\/v2\/posts"}],"about":[{"href":"https:\/\/blog.univicosa.com.br\/index.php\/wp-json\/wp\/v2\/types\/post"}],"author":[{"embeddable":true,"href":"https:\/\/blog.univicosa.com.br\/index.php\/wp-json\/wp\/v2\/users\/2"}],"replies":[{"embeddable":true,"href":"https:\/\/blog.univicosa.com.br\/index.php\/wp-json\/wp\/v2\/comments?post=1001"}],"version-history":[{"count":2,"href":"https:\/\/blog.univicosa.com.br\/index.php\/wp-json\/wp\/v2\/posts\/1001\/revisions"}],"predecessor-version":[{"id":1007,"href":"https:\/\/blog.univicosa.com.br\/index.php\/wp-json\/wp\/v2\/posts\/1001\/revisions\/1007"}],"wp:attachment":[{"href":"https:\/\/blog.univicosa.com.br\/index.php\/wp-json\/wp\/v2\/media?parent=1001"}],"wp:term":[{"taxonomy":"category","embeddable":true,"href":"https:\/\/blog.univicosa.com.br\/index.php\/wp-json\/wp\/v2\/categories?post=1001"},{"taxonomy":"post_tag","embeddable":true,"href":"https:\/\/blog.univicosa.com.br\/index.php\/wp-json\/wp\/v2\/tags?post=1001"}],"curies":[{"name":"wp","href":"https:\/\/api.w.org\/{rel}","templated":true}]}}